{"id":146458,"date":"2023-09-25T10:49:28","date_gmt":"2023-09-25T14:49:28","guid":{"rendered":"https:\/\/inrs.ca\/?p=146458"},"modified":"2024-05-17T08:35:37","modified_gmt":"2024-05-17T12:35:37","slug":"the-role-of-geographical-mobility-in-combating-inequalities-in-quebec","status":"publish","type":"post","link":"https:\/\/inrs.ca\/en\/news\/the-role-of-geographical-mobility-in-combating-inequalities-in-quebec\/","title":{"rendered":"The role of geographical mobility in combating inequalities in Quebec"},"content":{"rendered":"\n<p class=\"has-large-font-size wp-block-paragraph\"><strong>For the first time in Quebec, a study is focusing on the influence of geographical mobility on the perpetuation of social inequalities across several generations.<\/strong><\/p>\n\n\n    \n<div class=\"wp-block full-width-image fixed-height\">\n    <div class=\"image-ctn\">\n        <img decoding=\"async\" src=\"https:\/\/inrs.ca\/wp-content\/uploads\/616933537-mobilite-sociales.jpg\" alt=\"social mobility, geographical mobility. \" \/>\n    <\/div>\n    <p>The research team\u2019s complementary areas of expertise gave a fresh perspective on one of the mechanisms that may underpin social mobility in Quebec, namely geographical mobility. <\/p>\n<\/div>\n\n\n<div style=\"height:60px\" aria-hidden=\"true\" class=\"wp-block-spacer\"><\/div>\n\n\n\n<p class=\"has-drop-cap wp-block-paragraph\">Published in the <em>PERSPECTIVES<\/em> journal of the <a href=\"https:\/\/cirano.qc.ca\/en\" target=\"_blank\" rel=\"noreferrer noopener\">Centre interuniversitaire de recherche en analyse des organisations<\/a> (CIRANO) in September&nbsp;2023, the analysis was conducted by professors <a href=\"https:\/\/inrs.ca\/en\/research\/professors\/xavier-st-denis\/\">Xavier St-Denis<\/a> and <a href=\"https:\/\/inrs.ca\/en\/research\/professors\/yacine-boujija\/\">Yacine Boujija<\/a> of the Institut national de la recherche scientifique (INRS) and professor <a href=\"https:\/\/professeurs.uqam.ca\/professeur\/connolly.marie\/\" target=\"_blank\" rel=\"noreferrer noopener\">Marie Connolly<\/a> of UQAM\u2019s <a href=\"https:\/\/esg.uqam.ca\/en\/programs-en\/\" target=\"_blank\" rel=\"noreferrer noopener\">School of Management<\/a>.<\/p>\n\n\n\n<p class=\"wp-block-paragraph\">\u201cOur team\u2019s complementary areas of expertise gave us a fresh perspective on one of the mechanisms that may underpin social mobility in Quebec, namely geographical mobility. Until now, this factor had not received as much attention as other social mobility factors, such as post-secondary education,\u201d says INRS professor Xavier St-Denis, who specializes in social inequalities.<\/p>\n\n\n\n<p class=\"wp-block-paragraph\">This study is the first to examine the influence of geographical mobility on the intergenerational transmission of income in Quebec. The research team used <a href=\"https:\/\/www.statcan.gc.ca\/en\/start\" target=\"_blank\" rel=\"noreferrer noopener\">Statistics&nbsp;Canada<\/a>\u2019s Intergenerational Income Database (IID) to draw its conclusions, by following the lives of young Quebecers into their thirties.<\/p>\n\n\n\n<p class=\"wp-block-paragraph\">This data documented approximately 1.4&nbsp;million personal journeys. The statistics collected are a true treasure trove of information, including the socio-economic situation of the families in which the individuals grew up. That quality of the data opened the door to an intergenerational analysis.<\/p>\n\n\n\n<div style=\"height:20px\" aria-hidden=\"true\" class=\"wp-block-spacer\"><\/div>\n\n\n\n<h2 class=\"wp-block-heading\" id=\"h-social-and-geographical-mobility\"><strong>Social and geographical mobility<\/strong><strong><\/strong><\/h2>\n\n\n\n<p class=\"wp-block-paragraph\">Internal geographical migration is any change of one\u2019s usual place of residence within the same country. In this case, it refers to relocations between metropolitan areas, urban agglomerations, or rural areas in Quebec. As for social mobility, it refers to the relationship between the socio-economic status of parents and that achieved by their children once they are adults. A strong relationship indicates a low level of social mobility: children born into the most underprivileged families tend to also have low income as adults.<\/p>\n\n\n\n<div style=\"height:20px\" aria-hidden=\"true\" class=\"wp-block-spacer\"><\/div>\n\n\n\n<blockquote class=\"wp-block-quote is-layout-flow wp-block-quote-is-layout-flow\">\n<p class=\"wp-block-paragraph\">\u201c Based on our research, geographical mobility may be a potentially significant factor of social mobility in Quebec\u2014but only for part of the population. \u201d<\/p>\n<cite><strong>Yacine Boujija<\/strong>, INRS professor and demographer.<\/cite><\/blockquote>\n\n\n\n<div style=\"height:20px\" aria-hidden=\"true\" class=\"wp-block-spacer\"><\/div>\n\n\n\n<p class=\"wp-block-paragraph\">According to the results, the likelihood of a first geographical migration in Quebec is linked to both the age and the region of origin of a young person\u2014peaking at age&nbsp;23 on average.<\/p>\n\n\n\n<p class=\"wp-block-paragraph\">Over the period studied, young people living outside major urban centres were more likely to resort to internal migration than those from the seven census metropolitan areas, i.e., Montreal, Quebec City, Ottawa-Gatineau, Sherbrooke, Saguenay, Trois-Rivi\u00e8res, and Drummondville. Internal geographical migration is usually driven by the pursuit of post-secondary education or employment, often with the aim of improving living conditions.<\/p>\n\n\n\n<p class=\"wp-block-paragraph\">The study\u2019s findings seem to support the idea that geographical mobility might help young people climb the social ladder in Quebec. \u201cHowever, our findings also highlight the disadvantageous socio-economic situation faced by those who do not wish or are unable to leave the region they grew up in, compared to those who do migrate to major centres,\u201d explains Boujija.<\/p>\n\n\n\n<div style=\"height:20px\" aria-hidden=\"true\" class=\"wp-block-spacer\"><\/div>\n\n\n\n<h2 class=\"wp-block-heading\"><strong>Going into greater depth<\/strong><strong><\/strong><\/h2>\n\n\n\n<p class=\"wp-block-paragraph\">Despite initiatives aimed at promoting equal opportunities for all young people, the transmission of inequalities from one generation to the next has worsened in Quebec in recent decades.<\/p>\n\n\n\n<p class=\"wp-block-paragraph\">By following these different journeys, the researchers have noted that the socio-economic status of young people living in a rural area at age&nbsp;16 and having grown up in an underprivileged family deteriorated between the 1960s and the 1980s. This is especially true for those who did not migrate to another region during their lifetime. They were particularly affected by the lack of social mobility. Conversely, the status of young people who grew up in wealthier families improved over the same period.<\/p>\n\n\n\n<p class=\"wp-block-paragraph\">While this study does not provide a thorough exploration of this phenomenon, it does offer a better understanding of the reality of Quebecers in terms of geographical migration and young people\u2019s life journeys.<\/p>\n\n\n\n<div style=\"height:20px\" aria-hidden=\"true\" class=\"wp-block-spacer\"><\/div>\n\n\n\n<blockquote class=\"wp-block-quote is-layout-flow wp-block-quote-is-layout-flow\">\n<p class=\"wp-block-paragraph\">\u201c The Quebec government has already put in place a number of tools to promote equal opportunities among the population, such as access to CEGEP and the creation of a network of public universities. Yet, our analysis shows that the transmission of inequalities from one generation to the next has increased over time. \u201d<\/p>\n<cite><strong>Marie Connolly<\/strong>, UQAM\u2019s School of Management professor<\/cite><\/blockquote>\n\n\n\n<div style=\"height:20px\" aria-hidden=\"true\" class=\"wp-block-spacer\"><\/div>\n\n\n\n<p class=\"wp-block-paragraph\">Our analysis does not allow us to identify a causal relationship between migration and social mobility, but our findings suggest that there is a connection between the two. It would be interesting to continue investigating this relationship to determine to what extent social mobility could be supported by policies that encourage geographical mobility,\u201d concludes professor and economist Marie Connolly.<\/p>\n\n\n\n<p class=\"wp-block-paragraph\">The three researchers also see this first study as an invitation to explore major questions in greater depth for future generations: if internal geographical mobility\u2014or on the contrary, geographical \u201cimmobility\u201d\u2014seems to affect the standard of living in adulthood, how can we ensure all young people are offered the same opportunities? How can we build a society where social mobility remains possible for new generations?<\/p>\n\n\n\n<div style=\"height:20px\" aria-hidden=\"true\" class=\"wp-block-spacer\"><\/div>\n\n\n\n<h2 class=\"wp-block-heading\"><strong>About the paper<\/strong><strong><\/strong><\/h2>\n\n\n\n<p class=\"wp-block-paragraph\">The paper \u201c<a href=\"https:\/\/www.cirano.qc.ca\/en\/summaries\/2023pj-08\" target=\"_blank\" rel=\"noreferrer noopener\"><em>Monter dans le train et gravir l\u2019\u00e9chelle sociale.<\/em> <em>Le r\u00f4le de la mobilit\u00e9 g\u00e9ographique dans la lutte contre les in\u00e9galit\u00e9s au Qu\u00e9bec<\/em><\/a>\u201d (\u201cTake the train and climb the social ladder. The role of geographical mobility in the fight against inequality in Quebec\u201d) was published in the September issue of the <em>PERSPECTIVES<\/em> journal by Yacine Boujija, Marie Connolly, and Xavier St-Denis. <a href=\"https:\/\/www.cirano.qc.ca\/en\/summaries\/2023PJ-08\" target=\"_blank\" rel=\"noreferrer noopener\">https:\/\/www.cirano.qc.ca\/en\/summaries\/2023PJ-08<\/a><\/p>\n\n\n\n<p class=\"wp-block-paragraph\">This paper is a short version of a full report published in June&nbsp;2023 by the same authors: Boujija, Y., Connolly, M. &amp; St-Denis, X. (2023). <em>Mobilit\u00e9 g\u00e9ographique et transmission interg\u00e9n\u00e9rationnelle du revenu au Qu\u00e9bec<\/em> (Geographical mobility and intergenerational transmission of income in Quebec). (2023RP-11, project reports, CIRANO.) 47&nbsp;pages. <a href=\"https:\/\/www.cirano.qc.ca\/en\/summaries\/2023rp-11\" target=\"_blank\" rel=\"noreferrer noopener\">https:\/\/www.cirano.qc.ca\/en\/summaries\/2023rp-11<\/a><\/p>\n\n\n\n<p class=\"wp-block-paragraph\">The three researchers received financial support from the <a href=\"https:\/\/cirano.qc.ca\/en\" target=\"_blank\" rel=\"noreferrer noopener\">Centre interuniversitaire de recherche en analyse des organisations<\/a> (CIRANO) to conduct this study.<\/p>\n","protected":false},"excerpt":{"rendered":"<p>For the first time in Quebec, a study is focusing on the influence of geographical mobility on the perpetuation of social inequalities across several generations.<\/p>\n","protected":false},"author":4,"featured_media":146788,"comment_status":"closed","ping_status":"closed","sticky":false,"template":"","format":"standard","meta":{"_acf_changed":false,"_monsterinsights_skip_tracking":false,"_monsterinsights_sitenote_active":false,"_monsterinsights_sitenote_note":"","_monsterinsights_sitenote_category":0,"footnotes":""},"categories":[688,1372],"tags":[],"sectors":[732],"class_list":["post-146458","post","type-post","status-publish","format-standard","has-post-thumbnail","hentry","category-innover-a-linrs-en","category-science-and-society","sectors-societe-en"],"acf":[],"yoast_head":"<!-- This site is optimized with the Yoast SEO Premium plugin v26.1 (Yoast SEO v28.3) - https:\/\/yoast.com\/product\/yoast-seo-premium-wordpress\/ -->\n<title>The role of geographical mobility in combating inequalities in Quebec | INRS | News<\/title>\n<meta name=\"description\" content=\"For the first time in Quebec, a study is focusing on the influence of geographical mobility on the perpetuation of social inequalities across several generations.\" \/>\n<meta name=\"robots\" content=\"index, follow, max-snippet:-1, max-image-preview:large, max-video-preview:-1\" \/>\n<link rel=\"canonical\" href=\"https:\/\/inrs.ca\/en\/news\/the-role-of-geographical-mobility-in-combating-inequalities-in-quebec\/\" \/>\n<meta property=\"og:locale\" content=\"en_US\" \/>\n<meta property=\"og:type\" content=\"article\" \/>\n<meta property=\"og:title\" content=\"The role of geographical mobility in combating inequalities in Quebec\" \/>\n<meta property=\"og:description\" content=\"For the first time in Quebec, a study is focusing on the influence of geographical mobility on the perpetuation of social inequalities across several generations.\" \/>\n<meta property=\"og:url\" content=\"https:\/\/inrs.ca\/en\/news\/the-role-of-geographical-mobility-in-combating-inequalities-in-quebec\/\" \/>\n<meta property=\"og:site_name\" content=\"INRS\" \/>\n<meta property=\"article:publisher\" content=\"https:\/\/www.facebook.com\/inrsciences\/\" \/>\n<meta property=\"article:published_time\" content=\"2023-09-25T14:49:28+00:00\" \/>\n<meta property=\"article:modified_time\" content=\"2024-05-17T12:35:37+00:00\" \/>\n<meta property=\"og:image\" content=\"https:\/\/inrs.ca\/wp-content\/uploads\/616933537-mobilite-sociales.jpg\" \/>\n\t<meta property=\"og:image:width\" content=\"1200\" \/>\n\t<meta property=\"og:image:height\" content=\"628\" \/>\n\t<meta property=\"og:image:type\" content=\"image\/jpeg\" \/>\n<meta name=\"author\" content=\"Anne-Marie Dubois\" \/>\n<meta name=\"twitter:card\" content=\"summary_large_image\" \/>\n<meta name=\"twitter:creator\" content=\"@inrsciences\" \/>\n<meta name=\"twitter:site\" content=\"@inrsciences\" \/>\n<meta name=\"twitter:label1\" content=\"Written by\" \/>\n\t<meta name=\"twitter:data1\" content=\"Anne-Marie Dubois\" \/>\n\t<meta name=\"twitter:label2\" content=\"Est. reading time\" \/>\n\t<meta name=\"twitter:data2\" content=\"5 minutes\" \/>\n<script type=\"application\/ld+json\" class=\"yoast-schema-graph\">{\"@context\":\"https:\\\/\\\/schema.org\",\"@graph\":[{\"@type\":\"Article\",\"@id\":\"https:\\\/\\\/inrs.ca\\\/en\\\/news\\\/the-role-of-geographical-mobility-in-combating-inequalities-in-quebec\\\/#article\",\"isPartOf\":{\"@id\":\"https:\\\/\\\/inrs.ca\\\/en\\\/news\\\/the-role-of-geographical-mobility-in-combating-inequalities-in-quebec\\\/\"},\"author\":{\"name\":\"Anne-Marie Dubois\",\"@id\":\"https:\\\/\\\/inrs.ca\\\/en\\\/#\\\/schema\\\/person\\\/230fbba88cd7ef7419094aca351e82cd\"},\"headline\":\"The role of geographical mobility in combating inequalities in Quebec\",\"datePublished\":\"2023-09-25T14:49:28+00:00\",\"dateModified\":\"2024-05-17T12:35:37+00:00\",\"mainEntityOfPage\":{\"@id\":\"https:\\\/\\\/inrs.ca\\\/en\\\/news\\\/the-role-of-geographical-mobility-in-combating-inequalities-in-quebec\\\/\"},\"wordCount\":996,\"image\":{\"@id\":\"https:\\\/\\\/inrs.ca\\\/en\\\/news\\\/the-role-of-geographical-mobility-in-combating-inequalities-in-quebec\\\/#primaryimage\"},\"thumbnailUrl\":\"https:\\\/\\\/inrs.ca\\\/wp-content\\\/uploads\\\/616933537-mobilite-sociales.jpg\",\"articleSection\":[\"Research\",\"Science and Society\"],\"inLanguage\":\"en-CA\"},{\"@type\":\"WebPage\",\"@id\":\"https:\\\/\\\/inrs.ca\\\/en\\\/news\\\/the-role-of-geographical-mobility-in-combating-inequalities-in-quebec\\\/\",\"url\":\"https:\\\/\\\/inrs.ca\\\/en\\\/news\\\/the-role-of-geographical-mobility-in-combating-inequalities-in-quebec\\\/\",\"name\":\"The role of geographical mobility in combating inequalities in Quebec | INRS | News\",\"isPartOf\":{\"@id\":\"https:\\\/\\\/inrs.ca\\\/en\\\/#website\"},\"primaryImageOfPage\":{\"@id\":\"https:\\\/\\\/inrs.ca\\\/en\\\/news\\\/the-role-of-geographical-mobility-in-combating-inequalities-in-quebec\\\/#primaryimage\"},\"image\":{\"@id\":\"https:\\\/\\\/inrs.ca\\\/en\\\/news\\\/the-role-of-geographical-mobility-in-combating-inequalities-in-quebec\\\/#primaryimage\"},\"thumbnailUrl\":\"https:\\\/\\\/inrs.ca\\\/wp-content\\\/uploads\\\/616933537-mobilite-sociales.jpg\",\"datePublished\":\"2023-09-25T14:49:28+00:00\",\"dateModified\":\"2024-05-17T12:35:37+00:00\",\"author\":{\"@id\":\"https:\\\/\\\/inrs.ca\\\/en\\\/#\\\/schema\\\/person\\\/230fbba88cd7ef7419094aca351e82cd\"},\"description\":\"For the first time in Quebec, a study is focusing on the influence of geographical mobility on the perpetuation of social inequalities across several generations.\",\"breadcrumb\":{\"@id\":\"https:\\\/\\\/inrs.ca\\\/en\\\/news\\\/the-role-of-geographical-mobility-in-combating-inequalities-in-quebec\\\/#breadcrumb\"},\"inLanguage\":\"en-CA\",\"potentialAction\":[{\"@type\":\"ReadAction\",\"target\":[\"https:\\\/\\\/inrs.ca\\\/en\\\/news\\\/the-role-of-geographical-mobility-in-combating-inequalities-in-quebec\\\/\"]}]},{\"@type\":\"ImageObject\",\"inLanguage\":\"en-CA\",\"@id\":\"https:\\\/\\\/inrs.ca\\\/en\\\/news\\\/the-role-of-geographical-mobility-in-combating-inequalities-in-quebec\\\/#primaryimage\",\"url\":\"https:\\\/\\\/inrs.ca\\\/wp-content\\\/uploads\\\/616933537-mobilite-sociales.jpg\",\"contentUrl\":\"https:\\\/\\\/inrs.ca\\\/wp-content\\\/uploads\\\/616933537-mobilite-sociales.jpg\",\"width\":1200,\"height\":628,\"caption\":\"La compl\u00e9mentarit\u00e9 des expertises au sein de notre \u00e9quipe nous a permis de jeter un regard nouveau sur l\u2019un des m\u00e9canismes pouvant sous-tendre la mobilit\u00e9 sociale au Qu\u00e9bec, soit la mobilit\u00e9 g\u00e9ographique.\"},{\"@type\":\"BreadcrumbList\",\"@id\":\"https:\\\/\\\/inrs.ca\\\/en\\\/news\\\/the-role-of-geographical-mobility-in-combating-inequalities-in-quebec\\\/#breadcrumb\",\"itemListElement\":[{\"@type\":\"ListItem\",\"position\":1,\"name\":\"Accueil\",\"item\":\"https:\\\/\\\/inrs.ca\\\/en\\\/\"},{\"@type\":\"ListItem\",\"position\":2,\"name\":\"INRS\",\"item\":\"https:\\\/\\\/inrs.ca\\\/en\\\/inrs\\\/\"},{\"@type\":\"ListItem\",\"position\":3,\"name\":\"Pressroom\",\"item\":\"https:\\\/\\\/inrs.ca\\\/en\\\/inrs\\\/newsroom\\\/\"},{\"@type\":\"ListItem\",\"position\":4,\"name\":\"News\",\"item\":\"https:\\\/\\\/inrs.ca\\\/en\\\/inrs\\\/newsroom\\\/news\\\/\"},{\"@type\":\"ListItem\",\"position\":5,\"name\":\"The role of geographical mobility in combating inequalities in Quebec\"}]},{\"@type\":\"WebSite\",\"@id\":\"https:\\\/\\\/inrs.ca\\\/en\\\/#website\",\"url\":\"https:\\\/\\\/inrs.ca\\\/en\\\/\",\"name\":\"INRS\",\"description\":\"Institut national de la recherche scientifique\",\"potentialAction\":[{\"@type\":\"SearchAction\",\"target\":{\"@type\":\"EntryPoint\",\"urlTemplate\":\"https:\\\/\\\/inrs.ca\\\/en\\\/?s={search_term_string}\"},\"query-input\":{\"@type\":\"PropertyValueSpecification\",\"valueRequired\":true,\"valueName\":\"search_term_string\"}}],\"inLanguage\":\"en-CA\"},{\"@type\":\"Person\",\"@id\":\"https:\\\/\\\/inrs.ca\\\/en\\\/#\\\/schema\\\/person\\\/230fbba88cd7ef7419094aca351e82cd\",\"name\":\"Anne-Marie Dubois\",\"image\":{\"@type\":\"ImageObject\",\"inLanguage\":\"en-CA\",\"@id\":\"https:\\\/\\\/secure.gravatar.com\\\/avatar\\\/29091aa59c95df6df7a5b62386837668bf2c339487cbcf0b5329e202ae8f5183?s=96&d=mm&r=g\",\"url\":\"https:\\\/\\\/secure.gravatar.com\\\/avatar\\\/29091aa59c95df6df7a5b62386837668bf2c339487cbcf0b5329e202ae8f5183?s=96&d=mm&r=g\",\"contentUrl\":\"https:\\\/\\\/secure.gravatar.com\\\/avatar\\\/29091aa59c95df6df7a5b62386837668bf2c339487cbcf0b5329e202ae8f5183?s=96&d=mm&r=g\",\"caption\":\"Anne-Marie Dubois\"}}]}<\/script>\n<!-- \/ Yoast SEO Premium plugin. -->","yoast_head_json":{"title":"The role of geographical mobility in combating inequalities in Quebec | INRS | News","description":"For the first time in Quebec, a study is focusing on the influence of geographical mobility on the perpetuation of social inequalities across several generations.","robots":{"index":"index","follow":"follow","max-snippet":"max-snippet:-1","max-image-preview":"max-image-preview:large","max-video-preview":"max-video-preview:-1"},"canonical":"https:\/\/inrs.ca\/en\/news\/the-role-of-geographical-mobility-in-combating-inequalities-in-quebec\/","og_locale":"en_US","og_type":"article","og_title":"The role of geographical mobility in combating inequalities in Quebec","og_description":"For the first time in Quebec, a study is focusing on the influence of geographical mobility on the perpetuation of social inequalities across several generations.","og_url":"https:\/\/inrs.ca\/en\/news\/the-role-of-geographical-mobility-in-combating-inequalities-in-quebec\/","og_site_name":"INRS","article_publisher":"https:\/\/www.facebook.com\/inrsciences\/","article_published_time":"2023-09-25T14:49:28+00:00","article_modified_time":"2024-05-17T12:35:37+00:00","og_image":[{"width":1200,"height":628,"url":"https:\/\/inrs.ca\/wp-content\/uploads\/616933537-mobilite-sociales.jpg","type":"image\/jpeg"}],"author":"Anne-Marie Dubois","twitter_card":"summary_large_image","twitter_creator":"@inrsciences","twitter_site":"@inrsciences","twitter_misc":{"Written by":"Anne-Marie Dubois","Est. reading time":"5 minutes"},"schema":{"@context":"https:\/\/schema.org","@graph":[{"@type":"Article","@id":"https:\/\/inrs.ca\/en\/news\/the-role-of-geographical-mobility-in-combating-inequalities-in-quebec\/#article","isPartOf":{"@id":"https:\/\/inrs.ca\/en\/news\/the-role-of-geographical-mobility-in-combating-inequalities-in-quebec\/"},"author":{"name":"Anne-Marie Dubois","@id":"https:\/\/inrs.ca\/en\/#\/schema\/person\/230fbba88cd7ef7419094aca351e82cd"},"headline":"The role of geographical mobility in combating inequalities in Quebec","datePublished":"2023-09-25T14:49:28+00:00","dateModified":"2024-05-17T12:35:37+00:00","mainEntityOfPage":{"@id":"https:\/\/inrs.ca\/en\/news\/the-role-of-geographical-mobility-in-combating-inequalities-in-quebec\/"},"wordCount":996,"image":{"@id":"https:\/\/inrs.ca\/en\/news\/the-role-of-geographical-mobility-in-combating-inequalities-in-quebec\/#primaryimage"},"thumbnailUrl":"https:\/\/inrs.ca\/wp-content\/uploads\/616933537-mobilite-sociales.jpg","articleSection":["Research","Science and Society"],"inLanguage":"en-CA"},{"@type":"WebPage","@id":"https:\/\/inrs.ca\/en\/news\/the-role-of-geographical-mobility-in-combating-inequalities-in-quebec\/","url":"https:\/\/inrs.ca\/en\/news\/the-role-of-geographical-mobility-in-combating-inequalities-in-quebec\/","name":"The role of geographical mobility in combating inequalities in Quebec | INRS | News","isPartOf":{"@id":"https:\/\/inrs.ca\/en\/#website"},"primaryImageOfPage":{"@id":"https:\/\/inrs.ca\/en\/news\/the-role-of-geographical-mobility-in-combating-inequalities-in-quebec\/#primaryimage"},"image":{"@id":"https:\/\/inrs.ca\/en\/news\/the-role-of-geographical-mobility-in-combating-inequalities-in-quebec\/#primaryimage"},"thumbnailUrl":"https:\/\/inrs.ca\/wp-content\/uploads\/616933537-mobilite-sociales.jpg","datePublished":"2023-09-25T14:49:28+00:00","dateModified":"2024-05-17T12:35:37+00:00","author":{"@id":"https:\/\/inrs.ca\/en\/#\/schema\/person\/230fbba88cd7ef7419094aca351e82cd"},"description":"For the first time in Quebec, a study is focusing on the influence of geographical mobility on the perpetuation of social inequalities across several generations.","breadcrumb":{"@id":"https:\/\/inrs.ca\/en\/news\/the-role-of-geographical-mobility-in-combating-inequalities-in-quebec\/#breadcrumb"},"inLanguage":"en-CA","potentialAction":[{"@type":"ReadAction","target":["https:\/\/inrs.ca\/en\/news\/the-role-of-geographical-mobility-in-combating-inequalities-in-quebec\/"]}]},{"@type":"ImageObject","inLanguage":"en-CA","@id":"https:\/\/inrs.ca\/en\/news\/the-role-of-geographical-mobility-in-combating-inequalities-in-quebec\/#primaryimage","url":"https:\/\/inrs.ca\/wp-content\/uploads\/616933537-mobilite-sociales.jpg","contentUrl":"https:\/\/inrs.ca\/wp-content\/uploads\/616933537-mobilite-sociales.jpg","width":1200,"height":628,"caption":"La compl\u00e9mentarit\u00e9 des expertises au sein de notre \u00e9quipe nous a permis de jeter un regard nouveau sur l\u2019un des m\u00e9canismes pouvant sous-tendre la mobilit\u00e9 sociale au Qu\u00e9bec, soit la mobilit\u00e9 g\u00e9ographique."},{"@type":"BreadcrumbList","@id":"https:\/\/inrs.ca\/en\/news\/the-role-of-geographical-mobility-in-combating-inequalities-in-quebec\/#breadcrumb","itemListElement":[{"@type":"ListItem","position":1,"name":"Accueil","item":"https:\/\/inrs.ca\/en\/"},{"@type":"ListItem","position":2,"name":"INRS","item":"https:\/\/inrs.ca\/en\/inrs\/"},{"@type":"ListItem","position":3,"name":"Pressroom","item":"https:\/\/inrs.ca\/en\/inrs\/newsroom\/"},{"@type":"ListItem","position":4,"name":"News","item":"https:\/\/inrs.ca\/en\/inrs\/newsroom\/news\/"},{"@type":"ListItem","position":5,"name":"The role of geographical mobility in combating inequalities in Quebec"}]},{"@type":"WebSite","@id":"https:\/\/inrs.ca\/en\/#website","url":"https:\/\/inrs.ca\/en\/","name":"INRS","description":"Institut national de la recherche scientifique","potentialAction":[{"@type":"SearchAction","target":{"@type":"EntryPoint","urlTemplate":"https:\/\/inrs.ca\/en\/?s={search_term_string}"},"query-input":{"@type":"PropertyValueSpecification","valueRequired":true,"valueName":"search_term_string"}}],"inLanguage":"en-CA"},{"@type":"Person","@id":"https:\/\/inrs.ca\/en\/#\/schema\/person\/230fbba88cd7ef7419094aca351e82cd","name":"Anne-Marie Dubois","image":{"@type":"ImageObject","inLanguage":"en-CA","@id":"https:\/\/secure.gravatar.com\/avatar\/29091aa59c95df6df7a5b62386837668bf2c339487cbcf0b5329e202ae8f5183?s=96&d=mm&r=g","url":"https:\/\/secure.gravatar.com\/avatar\/29091aa59c95df6df7a5b62386837668bf2c339487cbcf0b5329e202ae8f5183?s=96&d=mm&r=g","contentUrl":"https:\/\/secure.gravatar.com\/avatar\/29091aa59c95df6df7a5b62386837668bf2c339487cbcf0b5329e202ae8f5183?s=96&d=mm&r=g","caption":"Anne-Marie Dubois"}}]}},"permalink_manager":null,"_links":{"self":[{"href":"https:\/\/inrs.ca\/en\/wp-json\/wp\/v2\/posts\/146458","targetHints":{"allow":["GET"]}}],"collection":[{"href":"https:\/\/inrs.ca\/en\/wp-json\/wp\/v2\/posts"}],"about":[{"href":"https:\/\/inrs.ca\/en\/wp-json\/wp\/v2\/types\/post"}],"author":[{"embeddable":true,"href":"https:\/\/inrs.ca\/en\/wp-json\/wp\/v2\/users\/4"}],"replies":[{"embeddable":true,"href":"https:\/\/inrs.ca\/en\/wp-json\/wp\/v2\/comments?post=146458"}],"version-history":[{"count":5,"href":"https:\/\/inrs.ca\/en\/wp-json\/wp\/v2\/posts\/146458\/revisions"}],"predecessor-version":[{"id":165365,"href":"https:\/\/inrs.ca\/en\/wp-json\/wp\/v2\/posts\/146458\/revisions\/165365"}],"wp:featuredmedia":[{"embeddable":true,"href":"https:\/\/inrs.ca\/en\/wp-json\/wp\/v2\/media\/146788"}],"wp:attachment":[{"href":"https:\/\/inrs.ca\/en\/wp-json\/wp\/v2\/media?parent=146458"}],"wp:term":[{"taxonomy":"category","embeddable":true,"href":"https:\/\/inrs.ca\/en\/wp-json\/wp\/v2\/categories?post=146458"},{"taxonomy":"post_tag","embeddable":true,"href":"https:\/\/inrs.ca\/en\/wp-json\/wp\/v2\/tags?post=146458"},{"taxonomy":"sectors","embeddable":true,"href":"https:\/\/inrs.ca\/en\/wp-json\/wp\/v2\/sectors?post=146458"}],"curies":[{"name":"wp","href":"https:\/\/api.w.org\/{rel}","templated":true}]}}