{"id":158334,"date":"2024-02-20T11:46:14","date_gmt":"2024-02-20T16:46:14","guid":{"rendered":"https:\/\/inrs.ca\/?p=158334"},"modified":"2024-02-20T11:46:37","modified_gmt":"2024-02-20T16:46:37","slug":"a-researcher-at-the-head-of-a-health-network-dedicated-to-quebecs-rural-and-remote-communities","status":"publish","type":"post","link":"https:\/\/inrs.ca\/en\/news\/a-researcher-at-the-head-of-a-health-network-dedicated-to-quebecs-rural-and-remote-communities\/","title":{"rendered":"A researcher at the head of a health network dedicated to Quebec\u2019s rural and remote communities"},"content":{"rendered":"\n<p class=\"has-large-font-size wp-block-paragraph\"><strong>Professor Cathy Vaillancourt to lead the FQRS-funded R\u00e9seau CommunAut\u00e9s Rurales et \u00c9loign\u00e9es en Sant\u00e9.<\/strong><\/p>\n\n\n    \n<div class=\"wp-block full-width-image fixed-height\">\n    <div class=\"image-ctn\">\n        <img decoding=\"async\" src=\"https:\/\/inrs.ca\/wp-content\/uploads\/communautes-rurales_385090477.jpg\" alt=\"\" \/>\n    <\/div>\n    <p>The new R\u00e9seau CommunAut\u00e9s Rurales et \u00c9loign\u00e9es en Sant\u00e9 (CARES) will be led by INRS professor Cathy Vaillancourt<\/p>\n<\/div>\n\n\n<div style=\"height:20px\" aria-hidden=\"true\" class=\"wp-block-spacer\"><\/div>\n\n\n\n<p class=\"has-drop-cap wp-block-paragraph\">Professor <a href=\"https:\/\/inrs.ca\/en\/la-recherche\/professeurs\/cathy-vaillancourt\/\">Cathy Vaillancourt<\/a> from the Institut national de la recherche scientifique (INRS) will lead the new <a href=\"https:\/\/risuq.uquebec.ca\/cares\/#1685983026533-8f2e2e11-f043\" target=\"_blank\" rel=\"noreferrer noopener\">R\u00e9seau CommunAut\u00e9s Rurales et \u00c9loign\u00e9es en Sant\u00e9<\/a> (CARES), whose mission is to support communities\u2019 well-being by improving health, care, and social services and preventing illness in Quebec\u2019s rural and remote areas.<\/p>\n\n\n\n<p class=\"wp-block-paragraph\">The CARES network is one of 15 thematic networks that will share a total of $11.5\u00a0million granted by the FRQS, in partnership with the <a href=\"https:\/\/www.msss.gouv.qc.ca\/en\/\" target=\"_blank\" rel=\"noreferrer noopener\">Minist\u00e8re de la Sant\u00e9 et des Services Sociaux<\/a>. As part of the FRQS <a href=\"https:\/\/frq.gouv.qc.ca\/en\/program\/thematic-network-2024-2032\/\" target=\"_blank\" rel=\"noreferrer noopener\">thematic network competition<\/a> (2024\u20132032), the network will benefit from $4\u00a0million over 8\u00a0years, with the option to renew until 2032.<\/p>\n\n\n\n<p class=\"wp-block-paragraph\">CARES, an initiative of the <a href=\"https:\/\/risuq.uquebec.ca\/\" target=\"_blank\" rel=\"noreferrer noopener\">Regroupement intersectoriel de recherche en sant\u00e9 de l\u2019Universit\u00e9 du Qu\u00e9bec<\/a> (RISUQ), is the only network that will ensure an ongoing presence in all of Quebec\u2019s rural and remote regions.<\/p>\n\n\n\n<div style=\"height:20px\" aria-hidden=\"true\" class=\"wp-block-spacer\"><\/div>\n\n\n\n<figure class=\"wp-block-image alignright size-large is-resized is-style-rounded\"><img loading=\"lazy\" decoding=\"async\" width=\"2560\" height=\"2560\" src=\"https:\/\/inrs.ca\/wp-content\/uploads\/Cathy-Vaillancourt9727_JLecompte_H_72DPI_Profil-edited-scaled.jpg\" alt=\"Professeure Cathy Vaillancourt\" class=\"wp-image-158159\" style=\"aspect-ratio:1;object-fit:cover;width:280px;height:auto\" srcset=\"https:\/\/inrs.ca\/wp-content\/uploads\/Cathy-Vaillancourt9727_JLecompte_H_72DPI_Profil-edited-scaled.jpg 2560w, https:\/\/inrs.ca\/wp-content\/uploads\/Cathy-Vaillancourt9727_JLecompte_H_72DPI_Profil-edited-300x300.jpg 300w, https:\/\/inrs.ca\/wp-content\/uploads\/Cathy-Vaillancourt9727_JLecompte_H_72DPI_Profil-edited-1024x1024.jpg 1024w, https:\/\/inrs.ca\/wp-content\/uploads\/Cathy-Vaillancourt9727_JLecompte_H_72DPI_Profil-edited-150x150.jpg 150w, https:\/\/inrs.ca\/wp-content\/uploads\/Cathy-Vaillancourt9727_JLecompte_H_72DPI_Profil-edited-768x768.jpg 768w, https:\/\/inrs.ca\/wp-content\/uploads\/Cathy-Vaillancourt9727_JLecompte_H_72DPI_Profil-edited-1536x1536.jpg 1536w, https:\/\/inrs.ca\/wp-content\/uploads\/Cathy-Vaillancourt9727_JLecompte_H_72DPI_Profil-edited-2048x2048.jpg 2048w\" sizes=\"auto, (max-width: 2560px) 100vw, 2560px\" \/><\/figure>\n\n\n\n<blockquote class=\"wp-block-quote is-layout-flow wp-block-quote-is-layout-flow\">\n<p class=\"wp-block-paragraph\" style=\"font-size:clamp(17.905px, 1.119rem + ((1vw - 3.2px) * 1.216), 28px);\">\u201cAs soon as you start talking to people on the ground, you see that the need in rural areas is desperate and very real. CARES is looking to better respond to the needs of communities by putting them at the forefront of considerations on the health issues that affect them.\u201d<\/p>\n<cite>INRS Professor <strong>Cathy Vaillancourt<\/strong>, Director of the CARES and head of the RISUQ.<\/cite><\/blockquote>\n\n\n\n<div style=\"height:20px\" aria-hidden=\"true\" class=\"wp-block-spacer\"><\/div>\n\n\n\n<div style=\"height:20px\" aria-hidden=\"true\" class=\"wp-block-spacer\"><\/div>\n\n\n\n<h2 class=\"wp-block-heading\" id=\"h-health-initiatives-tailored-to-rural-areas\"><strong>Health initiatives tailored to rural areas<\/strong><strong><\/strong><\/h2>\n\n\n\n<p class=\"wp-block-paragraph\">The CARES team\u2019s program includes the implementation of research, training, and scientific activity approaches anchored in partnerships with community, clinical, and practice environments (such as care, rehabilitation, and mental health facilities). This means that prevention and health promotion, and the management of care conditions to promote sustainable health, will be crucial.<\/p>\n\n\n\n<div style=\"height:20px\" aria-hidden=\"true\" class=\"wp-block-spacer\"><\/div>\n\n\n\n<div class=\"wp-block-media-text has-media-on-the-right is-stacked-on-mobile is-image-fill has-background\" style=\"background:linear-gradient(135deg,rgb(238,238,238) 0%,rgba(147,181,250,0.28) 100%);grid-template-columns:auto 30%\"><div class=\"wp-block-media-text__content\">\n<div style=\"height:20px\" aria-hidden=\"true\" class=\"wp-block-spacer\"><\/div>\n\n\n\n<p class=\"wp-block-paragraph\">The CommunAut\u00e9s Rurales et \u00c9loign\u00e9es en Sant\u00e9 (CARES) network aims to:\u00a0<\/p>\n\n\n\n<ul class=\"wp-block-list\">\n<li><strong>Offer<\/strong> a cross-sectoral perspective on the challenges facing rural and remote regions, to promote sustainable health throughout all of Quebec;<\/li>\n\n\n\n<li><strong>Reduce<\/strong> inequalities by adapting health promotion, prevention, and early intervention strategies in health care and social services to the realities and living environments of those in rural and remote areas;&nbsp;<\/li>\n\n\n\n<li><strong>Support<\/strong> the leadership, empowerment, and self-determination of people and communities in rural and remote areas to take action on health issues;<\/li>\n\n\n\n<li><strong>Mobilize<\/strong> knowledge about health and social services issues and challenges, and develop promotional tools on the determinants of health in rural and remote regions.<\/li>\n<\/ul>\n\n\n\n<div style=\"height:20px\" aria-hidden=\"true\" class=\"wp-block-spacer\"><\/div>\n<\/div><figure class=\"wp-block-media-text__media\" style=\"background-image:url(https:\/\/inrs.ca\/wp-content\/uploads\/communautes-rurales_385090477-1024x767.jpg);background-position:58% 15%\"><img loading=\"lazy\" decoding=\"async\" width=\"1024\" height=\"767\" src=\"https:\/\/inrs.ca\/wp-content\/uploads\/communautes-rurales_385090477-1024x767.jpg\" alt=\"Une chercheuse \u00e0 la t\u00eate d\u2019un r\u00e9seau en sant\u00e9 pour les communaut\u00e9s rurales et \u00e9loign\u00e9es du Qu\u00e9bec\" class=\"wp-image-158158 size-full\" srcset=\"https:\/\/inrs.ca\/wp-content\/uploads\/communautes-rurales_385090477-1024x767.jpg 1024w, https:\/\/inrs.ca\/wp-content\/uploads\/communautes-rurales_385090477-300x225.jpg 300w, https:\/\/inrs.ca\/wp-content\/uploads\/communautes-rurales_385090477-768x575.jpg 768w, https:\/\/inrs.ca\/wp-content\/uploads\/communautes-rurales_385090477.jpg 1200w\" sizes=\"auto, (max-width: 1024px) 100vw, 1024px\" \/><\/figure><\/div>\n\n\n\n<div style=\"height:20px\" aria-hidden=\"true\" class=\"wp-block-spacer\"><\/div>\n\n\n\n<p class=\"wp-block-paragraph\">The FRQS relies on thematic networks to provide unifying leadership to the province\u2019s scientific community and create greater cohesion around key themes.<\/p>\n\n\n\n<div style=\"height:20px\" aria-hidden=\"true\" class=\"wp-block-spacer\"><\/div>\n\n\n\n<figure class=\"wp-block-image alignright size-large is-resized is-style-rounded\"><img loading=\"lazy\" decoding=\"async\" width=\"1311\" height=\"1311\" src=\"https:\/\/inrs.ca\/wp-content\/uploads\/Isabelle-Delisle-inrs-23-web-edited.jpg\" alt=\"Isabelle Delisle\" class=\"wp-image-158165\" style=\"aspect-ratio:1;object-fit:cover;width:280px\" srcset=\"https:\/\/inrs.ca\/wp-content\/uploads\/Isabelle-Delisle-inrs-23-web-edited.jpg 1311w, https:\/\/inrs.ca\/wp-content\/uploads\/Isabelle-Delisle-inrs-23-web-edited-300x300.jpg 300w, https:\/\/inrs.ca\/wp-content\/uploads\/Isabelle-Delisle-inrs-23-web-edited-1024x1024.jpg 1024w, https:\/\/inrs.ca\/wp-content\/uploads\/Isabelle-Delisle-inrs-23-web-edited-150x150.jpg 150w, https:\/\/inrs.ca\/wp-content\/uploads\/Isabelle-Delisle-inrs-23-web-edited-768x768.jpg 768w\" sizes=\"auto, (max-width: 1311px) 100vw, 1311px\" \/><\/figure>\n\n\n\n<blockquote class=\"wp-block-quote is-layout-flow wp-block-quote-is-layout-flow\">\n<p class=\"wp-block-paragraph\" style=\"font-size:clamp(17.905px, 1.119rem + ((1vw - 3.2px) * 1.216), 28px);\">\u201cOn behalf of the INRS community, I would like to congratulate Professor Cathy Vaillancourt and her team on this amazing leadership achievement. The CARES network, fruit of RISUQ&#8217;s great initiative, is a response to the growing challenges of sustainable health for the rural and remote regions that make up the fabric of Quebec society.\u201d<\/p>\n<cite><strong>Isabelle Delisle<\/strong>, Interim Scientific Director of INRS<\/cite><\/blockquote>\n\n\n\n<div style=\"height:20px\" aria-hidden=\"true\" class=\"wp-block-spacer\"><\/div>\n\n\n\n<h2 class=\"wp-block-heading\" id=\"h-interdisciplinarity-and-collaboration-at-uq\">Interdisciplinarity and collaboration at UQ<\/h2>\n\n\n\n<p class=\"wp-block-paragraph\">Professor Vaillancourt has surrounded herself with an interdisciplinary team from the Universit\u00e9 du Qu\u00e9bec (UQ) network. By integrating agile working groups that bring together expertise from a variety of research fields, this new entity will enhance synergy between specialists and optimize the resources invested in research. The groups will reflect on new research projects and innovative actions adapted to rural and remote areas.<\/p>\n\n\n\n<p class=\"wp-block-paragraph\">\u201cWith the CARES network, we\u2019re looking to make Quebec a national and international leader in health and social services research for rural and remote areas,\u201d explains Vaillancourt.<\/p>\n\n\n\n<p class=\"wp-block-paragraph\">The network will be directed by Professor <strong>Cathy Vaillancourt<\/strong>, head of the Regroupement intersectoriel de recherche en sant\u00e9 de l\u2019Universit\u00e9 du Qu\u00e9bec (RISUQ), and co-directed by her colleagues <a href=\"https:\/\/professeurs.uqam.ca\/professeur\/barbeau.benoit\/\" target=\"_blank\" rel=\"noreferrer noopener\"><strong>Beno\u00eet Barbeau<\/strong><\/a> of the Universit\u00e9 du Qu\u00e9bec \u00e0 Montr\u00e9al (UQAM); <a href=\"https:\/\/oraprdnt.uqtr.uquebec.ca\/pls\/public\/genw050r.page_perso?owa_no_personne=103020\" target=\"_blank\" rel=\"noreferrer noopener\"><strong>Martin Descarreaux<\/strong> <\/a>of the Universit\u00e9 de Trois-Rivi\u00e8res (UQTR), holder of the Chaire de recherche internationale en sant\u00e9 neuromusculosquelettique; and <a href=\"https:\/\/www.uqar.ca\/universite\/a-propos-de-l-uqar\/departements\/departement-de-psychosociologie-et-travail-social\/morin-marie-helene\" target=\"_blank\" rel=\"noreferrer noopener\"><strong>Marie-H\u00e9l\u00e8ne Morin<\/strong><\/a> of the Universit\u00e9 du Qu\u00e9bec \u00e0 Rimouski (UQAR), co-holder of the Chaire interdisciplinaire sur la sant\u00e9 et services sociaux pour les populations rurales (CIRUSSS).<\/p>\n\n\n\n<div style=\"height:20px\" aria-hidden=\"true\" class=\"wp-block-spacer\"><\/div>\n","protected":false},"excerpt":{"rendered":"<p>Professor Cathy Vaillancourt from the Institut national de la recherche scientifique (INRS) will lead the new R\u00e9seau CommunAut\u00e9s Rurales et \u00c9loign\u00e9es en Sant\u00e9 (CARES), whose mission is to support communities\u2019 well-being by improving health, care, and social services and preventing illness in Quebec\u2019s rural and remote areas.<\/p>\n","protected":false},"author":4,"featured_media":158336,"comment_status":"closed","ping_status":"closed","sticky":false,"template":"","format":"standard","meta":{"_acf_changed":false,"_monsterinsights_skip_tracking":false,"_monsterinsights_sitenote_active":false,"_monsterinsights_sitenote_note":"","_monsterinsights_sitenote_category":0,"footnotes":""},"categories":[688,1647],"tags":[],"sectors":[679,729,732],"class_list":["post-158334","post","type-post","status-publish","format-standard","has-post-thumbnail","hentry","category-innover-a-linrs-en","category-research-grants","sectors-sante-en","sectors-environnement-en","sectors-societe-en"],"acf":[],"yoast_head":"<!-- This site is optimized with the Yoast SEO Premium plugin v26.1 (Yoast SEO v28.3) - https:\/\/yoast.com\/product\/yoast-seo-premium-wordpress\/ -->\n<title>A researcher at the head of a health network dedicated to Quebec\u2019s rural and remote communities | INRS<\/title>\n<meta name=\"robots\" content=\"index, follow, max-snippet:-1, max-image-preview:large, max-video-preview:-1\" \/>\n<link rel=\"canonical\" href=\"https:\/\/inrs.ca\/en\/news\/a-researcher-at-the-head-of-a-health-network-dedicated-to-quebecs-rural-and-remote-communities\/\" \/>\n<meta property=\"og:locale\" content=\"en_US\" \/>\n<meta property=\"og:type\" content=\"article\" \/>\n<meta property=\"og:title\" content=\"A researcher at the head of a health network dedicated to Quebec\u2019s rural and remote communities\" \/>\n<meta property=\"og:description\" content=\"Professor Cathy Vaillancourt from the Institut national de la recherche scientifique (INRS) will lead the new R\u00e9seau CommunAut\u00e9s Rurales et \u00c9loign\u00e9es en Sant\u00e9 (CARES), whose mission is to support communities\u2019 well-being by improving health, care, and social services and preventing illness in Quebec\u2019s rural and remote areas.\" \/>\n<meta property=\"og:url\" content=\"https:\/\/inrs.ca\/en\/news\/a-researcher-at-the-head-of-a-health-network-dedicated-to-quebecs-rural-and-remote-communities\/\" \/>\n<meta property=\"og:site_name\" content=\"INRS\" \/>\n<meta property=\"article:publisher\" content=\"https:\/\/www.facebook.com\/inrsciences\/\" \/>\n<meta property=\"article:published_time\" content=\"2024-02-20T16:46:14+00:00\" \/>\n<meta property=\"article:modified_time\" content=\"2024-02-20T16:46:37+00:00\" \/>\n<meta property=\"og:image\" content=\"https:\/\/inrs.ca\/wp-content\/uploads\/communautes-rurales_385090477.jpg\" \/>\n\t<meta property=\"og:image:width\" content=\"1200\" \/>\n\t<meta property=\"og:image:height\" content=\"899\" \/>\n\t<meta property=\"og:image:type\" content=\"image\/jpeg\" \/>\n<meta name=\"author\" content=\"Anne-Marie Dubois\" \/>\n<meta name=\"twitter:card\" content=\"summary_large_image\" \/>\n<meta name=\"twitter:creator\" content=\"@inrsciences\" \/>\n<meta name=\"twitter:site\" content=\"@inrsciences\" \/>\n<meta name=\"twitter:label1\" content=\"Written by\" \/>\n\t<meta name=\"twitter:data1\" content=\"Anne-Marie Dubois\" \/>\n\t<meta name=\"twitter:label2\" content=\"Est. reading time\" \/>\n\t<meta name=\"twitter:data2\" content=\"4 minutes\" \/>\n<script type=\"application\/ld+json\" class=\"yoast-schema-graph\">{\"@context\":\"https:\\\/\\\/schema.org\",\"@graph\":[{\"@type\":\"Article\",\"@id\":\"https:\\\/\\\/inrs.ca\\\/en\\\/news\\\/a-researcher-at-the-head-of-a-health-network-dedicated-to-quebecs-rural-and-remote-communities\\\/#article\",\"isPartOf\":{\"@id\":\"https:\\\/\\\/inrs.ca\\\/en\\\/news\\\/a-researcher-at-the-head-of-a-health-network-dedicated-to-quebecs-rural-and-remote-communities\\\/\"},\"author\":{\"name\":\"Anne-Marie Dubois\",\"@id\":\"https:\\\/\\\/inrs.ca\\\/en\\\/#\\\/schema\\\/person\\\/230fbba88cd7ef7419094aca351e82cd\"},\"headline\":\"A researcher at the head of a health network dedicated to Quebec\u2019s rural and remote communities\",\"datePublished\":\"2024-02-20T16:46:14+00:00\",\"dateModified\":\"2024-02-20T16:46:37+00:00\",\"mainEntityOfPage\":{\"@id\":\"https:\\\/\\\/inrs.ca\\\/en\\\/news\\\/a-researcher-at-the-head-of-a-health-network-dedicated-to-quebecs-rural-and-remote-communities\\\/\"},\"wordCount\":678,\"image\":{\"@id\":\"https:\\\/\\\/inrs.ca\\\/en\\\/news\\\/a-researcher-at-the-head-of-a-health-network-dedicated-to-quebecs-rural-and-remote-communities\\\/#primaryimage\"},\"thumbnailUrl\":\"https:\\\/\\\/inrs.ca\\\/wp-content\\\/uploads\\\/communautes-rurales_385090477.jpg\",\"articleSection\":[\"Research\",\"Research Grants\"],\"inLanguage\":\"en-CA\"},{\"@type\":\"WebPage\",\"@id\":\"https:\\\/\\\/inrs.ca\\\/en\\\/news\\\/a-researcher-at-the-head-of-a-health-network-dedicated-to-quebecs-rural-and-remote-communities\\\/\",\"url\":\"https:\\\/\\\/inrs.ca\\\/en\\\/news\\\/a-researcher-at-the-head-of-a-health-network-dedicated-to-quebecs-rural-and-remote-communities\\\/\",\"name\":\"A researcher at the head of a health network dedicated to Quebec\u2019s rural and remote communities | INRS\",\"isPartOf\":{\"@id\":\"https:\\\/\\\/inrs.ca\\\/en\\\/#website\"},\"primaryImageOfPage\":{\"@id\":\"https:\\\/\\\/inrs.ca\\\/en\\\/news\\\/a-researcher-at-the-head-of-a-health-network-dedicated-to-quebecs-rural-and-remote-communities\\\/#primaryimage\"},\"image\":{\"@id\":\"https:\\\/\\\/inrs.ca\\\/en\\\/news\\\/a-researcher-at-the-head-of-a-health-network-dedicated-to-quebecs-rural-and-remote-communities\\\/#primaryimage\"},\"thumbnailUrl\":\"https:\\\/\\\/inrs.ca\\\/wp-content\\\/uploads\\\/communautes-rurales_385090477.jpg\",\"datePublished\":\"2024-02-20T16:46:14+00:00\",\"dateModified\":\"2024-02-20T16:46:37+00:00\",\"author\":{\"@id\":\"https:\\\/\\\/inrs.ca\\\/en\\\/#\\\/schema\\\/person\\\/230fbba88cd7ef7419094aca351e82cd\"},\"breadcrumb\":{\"@id\":\"https:\\\/\\\/inrs.ca\\\/en\\\/news\\\/a-researcher-at-the-head-of-a-health-network-dedicated-to-quebecs-rural-and-remote-communities\\\/#breadcrumb\"},\"inLanguage\":\"en-CA\",\"potentialAction\":[{\"@type\":\"ReadAction\",\"target\":[\"https:\\\/\\\/inrs.ca\\\/en\\\/news\\\/a-researcher-at-the-head-of-a-health-network-dedicated-to-quebecs-rural-and-remote-communities\\\/\"]}]},{\"@type\":\"ImageObject\",\"inLanguage\":\"en-CA\",\"@id\":\"https:\\\/\\\/inrs.ca\\\/en\\\/news\\\/a-researcher-at-the-head-of-a-health-network-dedicated-to-quebecs-rural-and-remote-communities\\\/#primaryimage\",\"url\":\"https:\\\/\\\/inrs.ca\\\/wp-content\\\/uploads\\\/communautes-rurales_385090477.jpg\",\"contentUrl\":\"https:\\\/\\\/inrs.ca\\\/wp-content\\\/uploads\\\/communautes-rurales_385090477.jpg\",\"width\":1200,\"height\":899},{\"@type\":\"BreadcrumbList\",\"@id\":\"https:\\\/\\\/inrs.ca\\\/en\\\/news\\\/a-researcher-at-the-head-of-a-health-network-dedicated-to-quebecs-rural-and-remote-communities\\\/#breadcrumb\",\"itemListElement\":[{\"@type\":\"ListItem\",\"position\":1,\"name\":\"Accueil\",\"item\":\"https:\\\/\\\/inrs.ca\\\/en\\\/\"},{\"@type\":\"ListItem\",\"position\":2,\"name\":\"INRS\",\"item\":\"https:\\\/\\\/inrs.ca\\\/en\\\/inrs\\\/\"},{\"@type\":\"ListItem\",\"position\":3,\"name\":\"Pressroom\",\"item\":\"https:\\\/\\\/inrs.ca\\\/en\\\/inrs\\\/newsroom\\\/\"},{\"@type\":\"ListItem\",\"position\":4,\"name\":\"News\",\"item\":\"https:\\\/\\\/inrs.ca\\\/en\\\/inrs\\\/newsroom\\\/news\\\/\"},{\"@type\":\"ListItem\",\"position\":5,\"name\":\"A researcher at the head of a health network dedicated to Quebec\u2019s rural and remote communities\"}]},{\"@type\":\"WebSite\",\"@id\":\"https:\\\/\\\/inrs.ca\\\/en\\\/#website\",\"url\":\"https:\\\/\\\/inrs.ca\\\/en\\\/\",\"name\":\"INRS\",\"description\":\"Institut national de la recherche scientifique\",\"potentialAction\":[{\"@type\":\"SearchAction\",\"target\":{\"@type\":\"EntryPoint\",\"urlTemplate\":\"https:\\\/\\\/inrs.ca\\\/en\\\/?s={search_term_string}\"},\"query-input\":{\"@type\":\"PropertyValueSpecification\",\"valueRequired\":true,\"valueName\":\"search_term_string\"}}],\"inLanguage\":\"en-CA\"},{\"@type\":\"Person\",\"@id\":\"https:\\\/\\\/inrs.ca\\\/en\\\/#\\\/schema\\\/person\\\/230fbba88cd7ef7419094aca351e82cd\",\"name\":\"Anne-Marie Dubois\",\"image\":{\"@type\":\"ImageObject\",\"inLanguage\":\"en-CA\",\"@id\":\"https:\\\/\\\/secure.gravatar.com\\\/avatar\\\/29091aa59c95df6df7a5b62386837668bf2c339487cbcf0b5329e202ae8f5183?s=96&d=mm&r=g\",\"url\":\"https:\\\/\\\/secure.gravatar.com\\\/avatar\\\/29091aa59c95df6df7a5b62386837668bf2c339487cbcf0b5329e202ae8f5183?s=96&d=mm&r=g\",\"contentUrl\":\"https:\\\/\\\/secure.gravatar.com\\\/avatar\\\/29091aa59c95df6df7a5b62386837668bf2c339487cbcf0b5329e202ae8f5183?s=96&d=mm&r=g\",\"caption\":\"Anne-Marie Dubois\"}}]}<\/script>\n<!-- \/ Yoast SEO Premium plugin. -->","yoast_head_json":{"title":"A researcher at the head of a health network dedicated to Quebec\u2019s rural and remote communities | INRS","robots":{"index":"index","follow":"follow","max-snippet":"max-snippet:-1","max-image-preview":"max-image-preview:large","max-video-preview":"max-video-preview:-1"},"canonical":"https:\/\/inrs.ca\/en\/news\/a-researcher-at-the-head-of-a-health-network-dedicated-to-quebecs-rural-and-remote-communities\/","og_locale":"en_US","og_type":"article","og_title":"A researcher at the head of a health network dedicated to Quebec\u2019s rural and remote communities","og_description":"Professor Cathy Vaillancourt from the Institut national de la recherche scientifique (INRS) will lead the new R\u00e9seau CommunAut\u00e9s Rurales et \u00c9loign\u00e9es en Sant\u00e9 (CARES), whose mission is to support communities\u2019 well-being by improving health, care, and social services and preventing illness in Quebec\u2019s rural and remote areas.","og_url":"https:\/\/inrs.ca\/en\/news\/a-researcher-at-the-head-of-a-health-network-dedicated-to-quebecs-rural-and-remote-communities\/","og_site_name":"INRS","article_publisher":"https:\/\/www.facebook.com\/inrsciences\/","article_published_time":"2024-02-20T16:46:14+00:00","article_modified_time":"2024-02-20T16:46:37+00:00","og_image":[{"width":1200,"height":899,"url":"https:\/\/inrs.ca\/wp-content\/uploads\/communautes-rurales_385090477.jpg","type":"image\/jpeg"}],"author":"Anne-Marie Dubois","twitter_card":"summary_large_image","twitter_creator":"@inrsciences","twitter_site":"@inrsciences","twitter_misc":{"Written by":"Anne-Marie Dubois","Est. reading time":"4 minutes"},"schema":{"@context":"https:\/\/schema.org","@graph":[{"@type":"Article","@id":"https:\/\/inrs.ca\/en\/news\/a-researcher-at-the-head-of-a-health-network-dedicated-to-quebecs-rural-and-remote-communities\/#article","isPartOf":{"@id":"https:\/\/inrs.ca\/en\/news\/a-researcher-at-the-head-of-a-health-network-dedicated-to-quebecs-rural-and-remote-communities\/"},"author":{"name":"Anne-Marie Dubois","@id":"https:\/\/inrs.ca\/en\/#\/schema\/person\/230fbba88cd7ef7419094aca351e82cd"},"headline":"A researcher at the head of a health network dedicated to Quebec\u2019s rural and remote communities","datePublished":"2024-02-20T16:46:14+00:00","dateModified":"2024-02-20T16:46:37+00:00","mainEntityOfPage":{"@id":"https:\/\/inrs.ca\/en\/news\/a-researcher-at-the-head-of-a-health-network-dedicated-to-quebecs-rural-and-remote-communities\/"},"wordCount":678,"image":{"@id":"https:\/\/inrs.ca\/en\/news\/a-researcher-at-the-head-of-a-health-network-dedicated-to-quebecs-rural-and-remote-communities\/#primaryimage"},"thumbnailUrl":"https:\/\/inrs.ca\/wp-content\/uploads\/communautes-rurales_385090477.jpg","articleSection":["Research","Research Grants"],"inLanguage":"en-CA"},{"@type":"WebPage","@id":"https:\/\/inrs.ca\/en\/news\/a-researcher-at-the-head-of-a-health-network-dedicated-to-quebecs-rural-and-remote-communities\/","url":"https:\/\/inrs.ca\/en\/news\/a-researcher-at-the-head-of-a-health-network-dedicated-to-quebecs-rural-and-remote-communities\/","name":"A researcher at the head of a health network dedicated to Quebec\u2019s rural and remote communities | INRS","isPartOf":{"@id":"https:\/\/inrs.ca\/en\/#website"},"primaryImageOfPage":{"@id":"https:\/\/inrs.ca\/en\/news\/a-researcher-at-the-head-of-a-health-network-dedicated-to-quebecs-rural-and-remote-communities\/#primaryimage"},"image":{"@id":"https:\/\/inrs.ca\/en\/news\/a-researcher-at-the-head-of-a-health-network-dedicated-to-quebecs-rural-and-remote-communities\/#primaryimage"},"thumbnailUrl":"https:\/\/inrs.ca\/wp-content\/uploads\/communautes-rurales_385090477.jpg","datePublished":"2024-02-20T16:46:14+00:00","dateModified":"2024-02-20T16:46:37+00:00","author":{"@id":"https:\/\/inrs.ca\/en\/#\/schema\/person\/230fbba88cd7ef7419094aca351e82cd"},"breadcrumb":{"@id":"https:\/\/inrs.ca\/en\/news\/a-researcher-at-the-head-of-a-health-network-dedicated-to-quebecs-rural-and-remote-communities\/#breadcrumb"},"inLanguage":"en-CA","potentialAction":[{"@type":"ReadAction","target":["https:\/\/inrs.ca\/en\/news\/a-researcher-at-the-head-of-a-health-network-dedicated-to-quebecs-rural-and-remote-communities\/"]}]},{"@type":"ImageObject","inLanguage":"en-CA","@id":"https:\/\/inrs.ca\/en\/news\/a-researcher-at-the-head-of-a-health-network-dedicated-to-quebecs-rural-and-remote-communities\/#primaryimage","url":"https:\/\/inrs.ca\/wp-content\/uploads\/communautes-rurales_385090477.jpg","contentUrl":"https:\/\/inrs.ca\/wp-content\/uploads\/communautes-rurales_385090477.jpg","width":1200,"height":899},{"@type":"BreadcrumbList","@id":"https:\/\/inrs.ca\/en\/news\/a-researcher-at-the-head-of-a-health-network-dedicated-to-quebecs-rural-and-remote-communities\/#breadcrumb","itemListElement":[{"@type":"ListItem","position":1,"name":"Accueil","item":"https:\/\/inrs.ca\/en\/"},{"@type":"ListItem","position":2,"name":"INRS","item":"https:\/\/inrs.ca\/en\/inrs\/"},{"@type":"ListItem","position":3,"name":"Pressroom","item":"https:\/\/inrs.ca\/en\/inrs\/newsroom\/"},{"@type":"ListItem","position":4,"name":"News","item":"https:\/\/inrs.ca\/en\/inrs\/newsroom\/news\/"},{"@type":"ListItem","position":5,"name":"A researcher at the head of a health network dedicated to Quebec\u2019s rural and remote communities"}]},{"@type":"WebSite","@id":"https:\/\/inrs.ca\/en\/#website","url":"https:\/\/inrs.ca\/en\/","name":"INRS","description":"Institut national de la recherche scientifique","potentialAction":[{"@type":"SearchAction","target":{"@type":"EntryPoint","urlTemplate":"https:\/\/inrs.ca\/en\/?s={search_term_string}"},"query-input":{"@type":"PropertyValueSpecification","valueRequired":true,"valueName":"search_term_string"}}],"inLanguage":"en-CA"},{"@type":"Person","@id":"https:\/\/inrs.ca\/en\/#\/schema\/person\/230fbba88cd7ef7419094aca351e82cd","name":"Anne-Marie Dubois","image":{"@type":"ImageObject","inLanguage":"en-CA","@id":"https:\/\/secure.gravatar.com\/avatar\/29091aa59c95df6df7a5b62386837668bf2c339487cbcf0b5329e202ae8f5183?s=96&d=mm&r=g","url":"https:\/\/secure.gravatar.com\/avatar\/29091aa59c95df6df7a5b62386837668bf2c339487cbcf0b5329e202ae8f5183?s=96&d=mm&r=g","contentUrl":"https:\/\/secure.gravatar.com\/avatar\/29091aa59c95df6df7a5b62386837668bf2c339487cbcf0b5329e202ae8f5183?s=96&d=mm&r=g","caption":"Anne-Marie Dubois"}}]}},"permalink_manager":null,"_links":{"self":[{"href":"https:\/\/inrs.ca\/en\/wp-json\/wp\/v2\/posts\/158334","targetHints":{"allow":["GET"]}}],"collection":[{"href":"https:\/\/inrs.ca\/en\/wp-json\/wp\/v2\/posts"}],"about":[{"href":"https:\/\/inrs.ca\/en\/wp-json\/wp\/v2\/types\/post"}],"author":[{"embeddable":true,"href":"https:\/\/inrs.ca\/en\/wp-json\/wp\/v2\/users\/4"}],"replies":[{"embeddable":true,"href":"https:\/\/inrs.ca\/en\/wp-json\/wp\/v2\/comments?post=158334"}],"version-history":[{"count":5,"href":"https:\/\/inrs.ca\/en\/wp-json\/wp\/v2\/posts\/158334\/revisions"}],"predecessor-version":[{"id":158410,"href":"https:\/\/inrs.ca\/en\/wp-json\/wp\/v2\/posts\/158334\/revisions\/158410"}],"wp:featuredmedia":[{"embeddable":true,"href":"https:\/\/inrs.ca\/en\/wp-json\/wp\/v2\/media\/158336"}],"wp:attachment":[{"href":"https:\/\/inrs.ca\/en\/wp-json\/wp\/v2\/media?parent=158334"}],"wp:term":[{"taxonomy":"category","embeddable":true,"href":"https:\/\/inrs.ca\/en\/wp-json\/wp\/v2\/categories?post=158334"},{"taxonomy":"post_tag","embeddable":true,"href":"https:\/\/inrs.ca\/en\/wp-json\/wp\/v2\/tags?post=158334"},{"taxonomy":"sectors","embeddable":true,"href":"https:\/\/inrs.ca\/en\/wp-json\/wp\/v2\/sectors?post=158334"}],"curies":[{"name":"wp","href":"https:\/\/api.w.org\/{rel}","templated":true}]}}