{"id":162888,"date":"2024-04-19T05:30:00","date_gmt":"2024-04-19T09:30:00","guid":{"rendered":"https:\/\/inrs.ca\/?p=162888"},"modified":"2024-05-17T08:35:17","modified_gmt":"2024-05-17T12:35:17","slug":"employment-and-education-striking-disparities-for-young-people-in-quebecs-youth-protection-system","status":"publish","type":"post","link":"https:\/\/inrs.ca\/en\/news\/employment-and-education-striking-disparities-for-young-people-in-quebecs-youth-protection-system\/","title":{"rendered":"Employment and Education: Striking Disparities for Young People in Quebec\u2019s Youth Protection System"},"content":{"rendered":"\n<p class=\"has-large-font-size wp-block-paragraph\">Research report reveals groundbreaking data on the lives of youth in care in Quebec.<\/p>\n\n\n    \n<div class=\"wp-block full-width-image \">\n    <div class=\"image-ctn\">\n        <img decoding=\"async\" src=\"https:\/\/inrs.ca\/wp-content\/uploads\/jeune_708350057.png\" alt=\"\" \/>\n    <\/div>\n    <p><\/p>\n<\/div>\n\n\n<p class=\"has-drop-cap wp-block-paragraph\">Every year in Quebec, more than 2,000 young people leave the care of the Director of Youth Protection (DYP) as they approach the age of majority. For youth <em>under the care of the DYP<\/em>, turning 18 means having to become independent quickly, with little or no support from loved ones. Their academic background also tends to be less robust than that of peers who have not had to face such a situation.<\/p>\n\n\n\n<p class=\"wp-block-paragraph\">The figures are telling: only 37% of youth in care obtain their high school diploma by the age of 21, compared to 86% of the general population of the same age. That graduation rate is two and a half times lower.<\/p>\n\n\n\n<p class=\"wp-block-paragraph\">Today, the <a href=\"https:\/\/chairejeunesse.ca\/\" target=\"_blank\" rel=\"noreferrer noopener\">Chaire-r\u00e9seau de recherche sur la jeunesse du Qu\u00e9bec (CRJ)<\/a> is unveiling the results of a groundbreaking study conducted under the leadership of <a href=\"https:\/\/inrs.ca\/en\/research\/professors\/maria-eugenia-longo\/\">Mar\u00eda Eugenia Longo<\/a>, professor at the Institut national de la recherche scientifique (INRS);<a href=\"https:\/\/enap.ca\/a-propos\/bottin\/martin-goyette-professeur-titulaire\"> Martin Goyette<\/a>, professor at the \u00c9cole nationale d\u2019administration publique (ENAP); and Marie Dumollard, professor at the Universit\u00e9 de Montr\u00e9al. The study also benefited from the invaluable collaboration of M\u00e9lissa Ziani (INRS) and Josiane Picard (ENAP). The report is titled <a href=\"https:\/\/chairejeunesse.ca\/lancement-rapport-portrait-jeunes-services-dpj-et-defis-en-emploi\"><em>Portrait des jeunes ayant \u00e9t\u00e9 plac\u00e9s sous les services de la protection de la jeunesse et leurs d\u00e9fis en emploi<\/em><\/a> (\u201cA portrait of youth who have been placed under youth protection services and their employment challenges\u201d).<\/p>\n\n\n\n<p class=\"wp-block-paragraph\">The report presented by the team reveals a more arduous and precarious path to autonomy for this category of Quebec youth. In addition to quantitative data collected from 1,136 young people who have had a placement overseen by youth protection services, the study also draws on original data gathered through interviews with 30 young people.<\/p>\n\n\n\n<p class=\"wp-block-paragraph\">The work was commissioned and funded by the Minist\u00e8re de l\u2019Emploi et de la Solidarit\u00e9 sociale du Qu\u00e9bec. It combines quantitative data from the <a href=\"http:\/\/edjep.ca\/en\/\" target=\"_blank\" rel=\"noreferrer noopener\">\u00c9tude longitudinale sur le devenir des jeunes plac\u00e9s<\/a> (EDJeP, \u201cLongitudinal study on the fate of youth in care\u201d) with the accounts of youth in this situation who were interviewed for the research.<\/p>\n\n\n\n<div style=\"height:20px\" aria-hidden=\"true\" class=\"wp-block-spacer\"><\/div>\n\n\n\n<div class=\"wp-block-media-text has-media-on-the-right is-stacked-on-mobile is-image-fill has-background\" style=\"background:linear-gradient(135deg,rgba(253,254,254,0.63) 0%,rgb(237,237,237) 100%);grid-template-columns:auto 35%\"><div class=\"wp-block-media-text__content\">\n<h2 class=\"wp-block-heading\"><strong>Highlights<\/strong><\/h2>\n\n\n\n<ul class=\"wp-block-list\">\n<li>One third of EDJeP youth are \u201cnot in employment, education, or training\u201d (NEET) at age 21, compared to under 10% of the general population of the same age.<\/li>\n\n\n\n<li>Providing a variety of tools and services that are better suited to a specific period of life would create more stability for them to be able to successfully complete their academic careers.<\/li>\n\n\n\n<li>For EDJeP youth, employment is highly unstable, reversible, and precarious\u2014most of them work under-skilled jobs in sectors with low wages and little protection, such as retail, sales, and food service.<\/li>\n\n\n\n<li>EDJeP youth without a high school diploma are 5.3 times more likely to be in the NEET category.&nbsp;<\/li>\n\n\n\n<li>The more precarious their housing situation is (residential instability or homelessness) and the longer that precariousness lasts, the more likely participants are to fall into the NEET category.<\/li>\n<\/ul>\n<\/div><figure class=\"wp-block-media-text__media\" style=\"background-image:url(https:\/\/inrs.ca\/wp-content\/uploads\/AdobeStock_218137446-1024x683.jpg);background-position:44% 67%\"><img loading=\"lazy\" decoding=\"async\" width=\"1024\" height=\"683\" src=\"https:\/\/inrs.ca\/wp-content\/uploads\/AdobeStock_218137446-1024x683.jpg\" alt=\"Femme devant des fl\u00e8ches sur asphalt, vu du haut.\" class=\"wp-image-85913 size-full\" srcset=\"https:\/\/inrs.ca\/wp-content\/uploads\/AdobeStock_218137446-1024x683.jpg 1024w, https:\/\/inrs.ca\/wp-content\/uploads\/AdobeStock_218137446-300x200.jpg 300w, https:\/\/inrs.ca\/wp-content\/uploads\/AdobeStock_218137446-768x512.jpg 768w, https:\/\/inrs.ca\/wp-content\/uploads\/AdobeStock_218137446-600x400.jpg 600w, https:\/\/inrs.ca\/wp-content\/uploads\/AdobeStock_218137446.jpg 1382w\" sizes=\"auto, (max-width: 1024px) 100vw, 1024px\" \/><\/figure><\/div>\n\n\n\n<div style=\"height:20px\" aria-hidden=\"true\" class=\"wp-block-spacer\"><\/div>\n\n\n\n<p class=\"wp-block-paragraph\">Furthermore, the team\u2019s findings showed that EDJeP youth who succeeded in obtaining qualifying post-secondary education were more likely to be working in specialized, skilled jobs by the age of 21.<\/p>\n\n\n\n<div style=\"height:20px\" aria-hidden=\"true\" class=\"wp-block-spacer\"><\/div>\n\n\n\n<h2 class=\"wp-block-heading\"><strong>Respect, dignity, and autonomy<\/strong><strong><\/strong><\/h2>\n\n\n\n<p class=\"wp-block-paragraph\">Among other things, the extensive study found that for young people, it is essential to offer services that are humane, empathetic, flexible, and personalized. Given that their experiences with social services, particularly youth protection services, have not always favoured their autonomy, well-being, or progress, some are reluctant to turn to employment organizations.<\/p>\n\n\n\n<div style=\"height:20px\" aria-hidden=\"true\" class=\"wp-block-spacer\"><\/div>\n\n\n\n<figure class=\"wp-block-image alignright size-large is-resized is-style-rounded\"><img loading=\"lazy\" decoding=\"async\" width=\"768\" height=\"768\" src=\"https:\/\/inrs.ca\/wp-content\/uploads\/Maria-Eugenia-Longo-221101_INRS-794_web-edited.jpg\" alt=\"\" class=\"wp-image-162903\" style=\"aspect-ratio:1;width:299px;height:auto\" srcset=\"https:\/\/inrs.ca\/wp-content\/uploads\/Maria-Eugenia-Longo-221101_INRS-794_web-edited.jpg 768w, https:\/\/inrs.ca\/wp-content\/uploads\/Maria-Eugenia-Longo-221101_INRS-794_web-edited-300x300.jpg 300w, https:\/\/inrs.ca\/wp-content\/uploads\/Maria-Eugenia-Longo-221101_INRS-794_web-edited-150x150.jpg 150w\" sizes=\"auto, (max-width: 768px) 100vw, 768px\" \/><\/figure>\n\n\n\n<blockquote class=\"wp-block-quote is-layout-flow wp-block-quote-is-layout-flow\">\n<p class=\"wp-block-paragraph\">\u201cThe employment difficulties these young people encounter reveal institutional flaws that result in significant disadvantages and social inequalities. To support them properly, it\u2019s vital to address their needs with a view to bettering their circumstances and bolstering their autonomy, work on access to available resources, and improve their living conditions. This must be done in collaboration with employers, who also play a key role in solutions.\u201d <\/p>\n<cite><a href=\"https:\/\/inrs.ca\/en\/research\/professors\/maria-eugenia-longo\/\"><strong>Mar\u00eda Eugenia Longo<\/strong><\/a>, professor and researcher in the sociology of work and youth at INRS and co-holder of the Chaire de recherche sur la jeunesse du Qu\u00e9bec.<\/cite><\/blockquote>\n\n\n\n<div style=\"height:20px\" aria-hidden=\"true\" class=\"wp-block-spacer\"><\/div>\n\n\n\n<p class=\"wp-block-paragraph\">The research team\u2019s analyses showed that feeling encouraged was directly correlated with achieving a higher level of education. In their accounts, the young people who were interviewed mentioned that social ties both in and out of the workplace (particularly with employers) are key to choosing a job or support service and deciding whether to stay or leave. Having people to turn to seems to play an important role in youths\u2019 employment journey.<\/p>\n\n\n\n<div style=\"height:20px\" aria-hidden=\"true\" class=\"wp-block-spacer\"><\/div>\n\n\n\n<blockquote class=\"wp-block-quote is-layout-flow wp-block-quote-is-layout-flow\">\n<p class=\"wp-block-paragraph\">\u201cOur research shows that young people want to feel welcome and heard and, above all, have their needs, aspirations, agency, and dignity respected.\u2009Pursuing research in partnership with young people gives partners and decision makers the opportunity to improve and adapt services and policies.\u201d <\/p>\n<cite><strong>Martin Goyette<\/strong>, professor at ENAP and co-holder of the Chaire de recherche sur la jeunesse du Qu\u00e9bec<\/cite><\/blockquote>\n\n\n\n<div style=\"height:20px\" aria-hidden=\"true\" class=\"wp-block-spacer\"><\/div>\n\n\n\n<h2 class=\"wp-block-heading\" id=\"h-the-report-s-recommendations\"><strong>The report\u2019s recommendations<\/strong><strong><\/strong><\/h2>\n\n\n\n<p class=\"wp-block-paragraph\">The research team concluded, among other things, that an unstable living environment can affect youths\u2019 academic and early career paths. Changing placement within youth protection services has a direct impact on job retention. The young people who were consulted for the study recounted being forced to leave jobs because of changes in placement settings. That is also often the case for school.<\/p>\n\n\n\n<p class=\"wp-block-paragraph\">Altogether, these findings highlight the strong links between employment status and challenges in various areas of life, including NEET status, gender, parenting, housing situation, health, and placement experience. They demonstrate the vital nature of measures that take a global, cross-sectoral, integrated, and stabilizing approach to supporting young people who have been placed under youth protection.&nbsp;<\/p>\n\n\n\n<p class=\"wp-block-paragraph\">The report puts forward solutions such as helping young people stay in school and get started on their career paths. A global, cross-sectoral, and stabilizing approach; better preparation for adult life; and better support after youth reach the age of majority are also recommended.<\/p>\n\n\n\n<p class=\"wp-block-paragraph\">\u201cEmployment is directly linked to other areas of young people\u2019s lives, such as health, housing, and parenting, all of which have direct implications for job integration and retention. Supporting the careers of young people who have been in care cannot be done without taking this interplay into account,\u201d explains Marie Dumollard, assistant professor at the Universit\u00e9 de Montr\u00e9al\u2019s School of Social Work<\/p>\n\n\n\n<p class=\"wp-block-paragraph\">More broadly, the needs of young people in care may be more or less similar to those of other young people in Quebec. However, in the absence of obvious family support, and given the accumulated difficulties to overcome, institutional and workplace support must make greater efforts to offer these adults of tomorrow an equal and equitable chance.<\/p>\n\n\n\n<p class=\"wp-block-paragraph\"><strong>Those interested in learning more are invited to attend the <a href=\"https:\/\/enap.ca\/evenements\/conference-midi-jeunes-ayant-ete-places-services-protection-jeunesse-leurs-defis-emploi\">CRJ\u2019s virtual lunchtime conference<\/a>, \u201cLes jeunes ayant \u00e9t\u00e9 plac\u00e9s sous les services de la protection de la jeunesse et leurs d\u00e9fis en emploi\u201d (\u201cYouth who have been placed under youth protection services and their employment challenges\u201d) on Friday, April&nbsp;19, at noon. To participate: <a href=\"https:\/\/docs.google.com\/forms\/d\/e\/1FAIpQLSczSu-2v5U-Jepf2ydp1a8q7tEvcsLM0PuacPdDc6VKLvBtYQ\/viewform\">REGISTER<\/a><\/strong><\/p>\n\n\n\n<p class=\"wp-block-paragraph\"><\/p>\n","protected":false},"excerpt":{"rendered":"<p>Research report reveals groundbreaking data on the lives of youth in care in Quebec.<\/p>\n","protected":false},"author":4,"featured_media":162906,"comment_status":"closed","ping_status":"closed","sticky":false,"template":"","format":"standard","meta":{"_acf_changed":false,"_monsterinsights_skip_tracking":false,"_monsterinsights_sitenote_active":false,"_monsterinsights_sitenote_note":"","_monsterinsights_sitenote_category":0,"footnotes":""},"categories":[688],"tags":[],"sectors":[732],"class_list":["post-162888","post","type-post","status-publish","format-standard","has-post-thumbnail","hentry","category-innover-a-linrs-en","sectors-societe-en"],"acf":[],"yoast_head":"<!-- This site is optimized with the Yoast SEO Premium plugin v26.1 (Yoast SEO v28.3) - https:\/\/yoast.com\/product\/yoast-seo-premium-wordpress\/ -->\n<title>Employment and Education: Striking Disparities for Young People in Quebec\u2019s Youth Protection System | INRS<\/title>\n<meta name=\"robots\" content=\"index, follow, max-snippet:-1, max-image-preview:large, max-video-preview:-1\" \/>\n<link rel=\"canonical\" href=\"https:\/\/inrs.ca\/en\/news\/employment-and-education-striking-disparities-for-young-people-in-quebecs-youth-protection-system\/\" \/>\n<meta property=\"og:locale\" content=\"en_US\" \/>\n<meta property=\"og:type\" content=\"article\" \/>\n<meta property=\"og:title\" content=\"Employment and Education: Striking Disparities for Young People in Quebec\u2019s Youth Protection System\" \/>\n<meta property=\"og:description\" content=\"Research report reveals groundbreaking data on the lives of youth in care in Quebec.\" \/>\n<meta property=\"og:url\" content=\"https:\/\/inrs.ca\/en\/news\/employment-and-education-striking-disparities-for-young-people-in-quebecs-youth-protection-system\/\" \/>\n<meta property=\"og:site_name\" content=\"INRS\" \/>\n<meta property=\"article:publisher\" content=\"https:\/\/www.facebook.com\/inrsciences\/\" \/>\n<meta property=\"article:published_time\" content=\"2024-04-19T09:30:00+00:00\" \/>\n<meta property=\"article:modified_time\" content=\"2024-05-17T12:35:17+00:00\" \/>\n<meta property=\"og:image\" content=\"https:\/\/inrs.ca\/wp-content\/uploads\/jeune_708350057.png\" \/>\n\t<meta property=\"og:image:width\" content=\"1200\" \/>\n\t<meta property=\"og:image:height\" content=\"628\" \/>\n\t<meta property=\"og:image:type\" content=\"image\/png\" \/>\n<meta name=\"author\" content=\"Anne-Marie Dubois\" \/>\n<meta name=\"twitter:card\" content=\"summary_large_image\" \/>\n<meta name=\"twitter:creator\" content=\"@inrsciences\" \/>\n<meta name=\"twitter:site\" content=\"@inrsciences\" \/>\n<meta name=\"twitter:label1\" content=\"Written by\" \/>\n\t<meta name=\"twitter:data1\" content=\"Anne-Marie Dubois\" \/>\n\t<meta name=\"twitter:label2\" content=\"Est. reading time\" \/>\n\t<meta name=\"twitter:data2\" content=\"6 minutes\" \/>\n<script type=\"application\/ld+json\" class=\"yoast-schema-graph\">{\"@context\":\"https:\\\/\\\/schema.org\",\"@graph\":[{\"@type\":\"Article\",\"@id\":\"https:\\\/\\\/inrs.ca\\\/en\\\/news\\\/employment-and-education-striking-disparities-for-young-people-in-quebecs-youth-protection-system\\\/#article\",\"isPartOf\":{\"@id\":\"https:\\\/\\\/inrs.ca\\\/en\\\/news\\\/employment-and-education-striking-disparities-for-young-people-in-quebecs-youth-protection-system\\\/\"},\"author\":{\"name\":\"Anne-Marie Dubois\",\"@id\":\"https:\\\/\\\/inrs.ca\\\/en\\\/#\\\/schema\\\/person\\\/230fbba88cd7ef7419094aca351e82cd\"},\"headline\":\"Employment and Education: Striking Disparities for Young People in Quebec\u2019s Youth Protection System\",\"datePublished\":\"2024-04-19T09:30:00+00:00\",\"dateModified\":\"2024-05-17T12:35:17+00:00\",\"mainEntityOfPage\":{\"@id\":\"https:\\\/\\\/inrs.ca\\\/en\\\/news\\\/employment-and-education-striking-disparities-for-young-people-in-quebecs-youth-protection-system\\\/\"},\"wordCount\":1168,\"image\":{\"@id\":\"https:\\\/\\\/inrs.ca\\\/en\\\/news\\\/employment-and-education-striking-disparities-for-young-people-in-quebecs-youth-protection-system\\\/#primaryimage\"},\"thumbnailUrl\":\"https:\\\/\\\/inrs.ca\\\/wp-content\\\/uploads\\\/jeune_708350057.png\",\"articleSection\":[\"Research\"],\"inLanguage\":\"en-CA\"},{\"@type\":\"WebPage\",\"@id\":\"https:\\\/\\\/inrs.ca\\\/en\\\/news\\\/employment-and-education-striking-disparities-for-young-people-in-quebecs-youth-protection-system\\\/\",\"url\":\"https:\\\/\\\/inrs.ca\\\/en\\\/news\\\/employment-and-education-striking-disparities-for-young-people-in-quebecs-youth-protection-system\\\/\",\"name\":\"Employment and Education: Striking Disparities for Young People in Quebec\u2019s Youth Protection System | INRS\",\"isPartOf\":{\"@id\":\"https:\\\/\\\/inrs.ca\\\/en\\\/#website\"},\"primaryImageOfPage\":{\"@id\":\"https:\\\/\\\/inrs.ca\\\/en\\\/news\\\/employment-and-education-striking-disparities-for-young-people-in-quebecs-youth-protection-system\\\/#primaryimage\"},\"image\":{\"@id\":\"https:\\\/\\\/inrs.ca\\\/en\\\/news\\\/employment-and-education-striking-disparities-for-young-people-in-quebecs-youth-protection-system\\\/#primaryimage\"},\"thumbnailUrl\":\"https:\\\/\\\/inrs.ca\\\/wp-content\\\/uploads\\\/jeune_708350057.png\",\"datePublished\":\"2024-04-19T09:30:00+00:00\",\"dateModified\":\"2024-05-17T12:35:17+00:00\",\"author\":{\"@id\":\"https:\\\/\\\/inrs.ca\\\/en\\\/#\\\/schema\\\/person\\\/230fbba88cd7ef7419094aca351e82cd\"},\"breadcrumb\":{\"@id\":\"https:\\\/\\\/inrs.ca\\\/en\\\/news\\\/employment-and-education-striking-disparities-for-young-people-in-quebecs-youth-protection-system\\\/#breadcrumb\"},\"inLanguage\":\"en-CA\",\"potentialAction\":[{\"@type\":\"ReadAction\",\"target\":[\"https:\\\/\\\/inrs.ca\\\/en\\\/news\\\/employment-and-education-striking-disparities-for-young-people-in-quebecs-youth-protection-system\\\/\"]}]},{\"@type\":\"ImageObject\",\"inLanguage\":\"en-CA\",\"@id\":\"https:\\\/\\\/inrs.ca\\\/en\\\/news\\\/employment-and-education-striking-disparities-for-young-people-in-quebecs-youth-protection-system\\\/#primaryimage\",\"url\":\"https:\\\/\\\/inrs.ca\\\/wp-content\\\/uploads\\\/jeune_708350057.png\",\"contentUrl\":\"https:\\\/\\\/inrs.ca\\\/wp-content\\\/uploads\\\/jeune_708350057.png\",\"width\":1200,\"height\":628},{\"@type\":\"BreadcrumbList\",\"@id\":\"https:\\\/\\\/inrs.ca\\\/en\\\/news\\\/employment-and-education-striking-disparities-for-young-people-in-quebecs-youth-protection-system\\\/#breadcrumb\",\"itemListElement\":[{\"@type\":\"ListItem\",\"position\":1,\"name\":\"Accueil\",\"item\":\"https:\\\/\\\/inrs.ca\\\/en\\\/\"},{\"@type\":\"ListItem\",\"position\":2,\"name\":\"L&rsquo;INRS\",\"item\":\"https:\\\/\\\/inrs.ca\\\/en\\\/linrs\\\/\"},{\"@type\":\"ListItem\",\"position\":3,\"name\":\"Nouvelles\",\"item\":\"https:\\\/\\\/inrs.ca\\\/en\\\/linrs\\\/nouvelles\\\/\"},{\"@type\":\"ListItem\",\"position\":4,\"name\":\"Actualit\u00e9s\",\"item\":\"https:\\\/\\\/inrs.ca\\\/en\\\/linrs\\\/salle-de-nouvelles\\\/actualites\\\/\"},{\"@type\":\"ListItem\",\"position\":5,\"name\":\"Employment and Education: Striking Disparities for Young People in Quebec\u2019s Youth Protection System\"}]},{\"@type\":\"WebSite\",\"@id\":\"https:\\\/\\\/inrs.ca\\\/en\\\/#website\",\"url\":\"https:\\\/\\\/inrs.ca\\\/en\\\/\",\"name\":\"INRS\",\"description\":\"Institut national de la recherche scientifique\",\"potentialAction\":[{\"@type\":\"SearchAction\",\"target\":{\"@type\":\"EntryPoint\",\"urlTemplate\":\"https:\\\/\\\/inrs.ca\\\/en\\\/?s={search_term_string}\"},\"query-input\":{\"@type\":\"PropertyValueSpecification\",\"valueRequired\":true,\"valueName\":\"search_term_string\"}}],\"inLanguage\":\"en-CA\"},{\"@type\":\"Person\",\"@id\":\"https:\\\/\\\/inrs.ca\\\/en\\\/#\\\/schema\\\/person\\\/230fbba88cd7ef7419094aca351e82cd\",\"name\":\"Anne-Marie Dubois\",\"image\":{\"@type\":\"ImageObject\",\"inLanguage\":\"en-CA\",\"@id\":\"https:\\\/\\\/secure.gravatar.com\\\/avatar\\\/29091aa59c95df6df7a5b62386837668bf2c339487cbcf0b5329e202ae8f5183?s=96&d=mm&r=g\",\"url\":\"https:\\\/\\\/secure.gravatar.com\\\/avatar\\\/29091aa59c95df6df7a5b62386837668bf2c339487cbcf0b5329e202ae8f5183?s=96&d=mm&r=g\",\"contentUrl\":\"https:\\\/\\\/secure.gravatar.com\\\/avatar\\\/29091aa59c95df6df7a5b62386837668bf2c339487cbcf0b5329e202ae8f5183?s=96&d=mm&r=g\",\"caption\":\"Anne-Marie Dubois\"}}]}<\/script>\n<!-- \/ Yoast SEO Premium plugin. -->","yoast_head_json":{"title":"Employment and Education: Striking Disparities for Young People in Quebec\u2019s Youth Protection System | INRS","robots":{"index":"index","follow":"follow","max-snippet":"max-snippet:-1","max-image-preview":"max-image-preview:large","max-video-preview":"max-video-preview:-1"},"canonical":"https:\/\/inrs.ca\/en\/news\/employment-and-education-striking-disparities-for-young-people-in-quebecs-youth-protection-system\/","og_locale":"en_US","og_type":"article","og_title":"Employment and Education: Striking Disparities for Young People in Quebec\u2019s Youth Protection System","og_description":"Research report reveals groundbreaking data on the lives of youth in care in Quebec.","og_url":"https:\/\/inrs.ca\/en\/news\/employment-and-education-striking-disparities-for-young-people-in-quebecs-youth-protection-system\/","og_site_name":"INRS","article_publisher":"https:\/\/www.facebook.com\/inrsciences\/","article_published_time":"2024-04-19T09:30:00+00:00","article_modified_time":"2024-05-17T12:35:17+00:00","og_image":[{"width":1200,"height":628,"url":"https:\/\/inrs.ca\/wp-content\/uploads\/jeune_708350057.png","type":"image\/png"}],"author":"Anne-Marie Dubois","twitter_card":"summary_large_image","twitter_creator":"@inrsciences","twitter_site":"@inrsciences","twitter_misc":{"Written by":"Anne-Marie Dubois","Est. reading time":"6 minutes"},"schema":{"@context":"https:\/\/schema.org","@graph":[{"@type":"Article","@id":"https:\/\/inrs.ca\/en\/news\/employment-and-education-striking-disparities-for-young-people-in-quebecs-youth-protection-system\/#article","isPartOf":{"@id":"https:\/\/inrs.ca\/en\/news\/employment-and-education-striking-disparities-for-young-people-in-quebecs-youth-protection-system\/"},"author":{"name":"Anne-Marie Dubois","@id":"https:\/\/inrs.ca\/en\/#\/schema\/person\/230fbba88cd7ef7419094aca351e82cd"},"headline":"Employment and Education: Striking Disparities for Young People in Quebec\u2019s Youth Protection System","datePublished":"2024-04-19T09:30:00+00:00","dateModified":"2024-05-17T12:35:17+00:00","mainEntityOfPage":{"@id":"https:\/\/inrs.ca\/en\/news\/employment-and-education-striking-disparities-for-young-people-in-quebecs-youth-protection-system\/"},"wordCount":1168,"image":{"@id":"https:\/\/inrs.ca\/en\/news\/employment-and-education-striking-disparities-for-young-people-in-quebecs-youth-protection-system\/#primaryimage"},"thumbnailUrl":"https:\/\/inrs.ca\/wp-content\/uploads\/jeune_708350057.png","articleSection":["Research"],"inLanguage":"en-CA"},{"@type":"WebPage","@id":"https:\/\/inrs.ca\/en\/news\/employment-and-education-striking-disparities-for-young-people-in-quebecs-youth-protection-system\/","url":"https:\/\/inrs.ca\/en\/news\/employment-and-education-striking-disparities-for-young-people-in-quebecs-youth-protection-system\/","name":"Employment and Education: Striking Disparities for Young People in Quebec\u2019s Youth Protection System | INRS","isPartOf":{"@id":"https:\/\/inrs.ca\/en\/#website"},"primaryImageOfPage":{"@id":"https:\/\/inrs.ca\/en\/news\/employment-and-education-striking-disparities-for-young-people-in-quebecs-youth-protection-system\/#primaryimage"},"image":{"@id":"https:\/\/inrs.ca\/en\/news\/employment-and-education-striking-disparities-for-young-people-in-quebecs-youth-protection-system\/#primaryimage"},"thumbnailUrl":"https:\/\/inrs.ca\/wp-content\/uploads\/jeune_708350057.png","datePublished":"2024-04-19T09:30:00+00:00","dateModified":"2024-05-17T12:35:17+00:00","author":{"@id":"https:\/\/inrs.ca\/en\/#\/schema\/person\/230fbba88cd7ef7419094aca351e82cd"},"breadcrumb":{"@id":"https:\/\/inrs.ca\/en\/news\/employment-and-education-striking-disparities-for-young-people-in-quebecs-youth-protection-system\/#breadcrumb"},"inLanguage":"en-CA","potentialAction":[{"@type":"ReadAction","target":["https:\/\/inrs.ca\/en\/news\/employment-and-education-striking-disparities-for-young-people-in-quebecs-youth-protection-system\/"]}]},{"@type":"ImageObject","inLanguage":"en-CA","@id":"https:\/\/inrs.ca\/en\/news\/employment-and-education-striking-disparities-for-young-people-in-quebecs-youth-protection-system\/#primaryimage","url":"https:\/\/inrs.ca\/wp-content\/uploads\/jeune_708350057.png","contentUrl":"https:\/\/inrs.ca\/wp-content\/uploads\/jeune_708350057.png","width":1200,"height":628},{"@type":"BreadcrumbList","@id":"https:\/\/inrs.ca\/en\/news\/employment-and-education-striking-disparities-for-young-people-in-quebecs-youth-protection-system\/#breadcrumb","itemListElement":[{"@type":"ListItem","position":1,"name":"Accueil","item":"https:\/\/inrs.ca\/en\/"},{"@type":"ListItem","position":2,"name":"L&rsquo;INRS","item":"https:\/\/inrs.ca\/en\/linrs\/"},{"@type":"ListItem","position":3,"name":"Nouvelles","item":"https:\/\/inrs.ca\/en\/linrs\/nouvelles\/"},{"@type":"ListItem","position":4,"name":"Actualit\u00e9s","item":"https:\/\/inrs.ca\/en\/linrs\/salle-de-nouvelles\/actualites\/"},{"@type":"ListItem","position":5,"name":"Employment and Education: Striking Disparities for Young People in Quebec\u2019s Youth Protection System"}]},{"@type":"WebSite","@id":"https:\/\/inrs.ca\/en\/#website","url":"https:\/\/inrs.ca\/en\/","name":"INRS","description":"Institut national de la recherche scientifique","potentialAction":[{"@type":"SearchAction","target":{"@type":"EntryPoint","urlTemplate":"https:\/\/inrs.ca\/en\/?s={search_term_string}"},"query-input":{"@type":"PropertyValueSpecification","valueRequired":true,"valueName":"search_term_string"}}],"inLanguage":"en-CA"},{"@type":"Person","@id":"https:\/\/inrs.ca\/en\/#\/schema\/person\/230fbba88cd7ef7419094aca351e82cd","name":"Anne-Marie Dubois","image":{"@type":"ImageObject","inLanguage":"en-CA","@id":"https:\/\/secure.gravatar.com\/avatar\/29091aa59c95df6df7a5b62386837668bf2c339487cbcf0b5329e202ae8f5183?s=96&d=mm&r=g","url":"https:\/\/secure.gravatar.com\/avatar\/29091aa59c95df6df7a5b62386837668bf2c339487cbcf0b5329e202ae8f5183?s=96&d=mm&r=g","contentUrl":"https:\/\/secure.gravatar.com\/avatar\/29091aa59c95df6df7a5b62386837668bf2c339487cbcf0b5329e202ae8f5183?s=96&d=mm&r=g","caption":"Anne-Marie Dubois"}}]}},"permalink_manager":null,"_links":{"self":[{"href":"https:\/\/inrs.ca\/en\/wp-json\/wp\/v2\/posts\/162888","targetHints":{"allow":["GET"]}}],"collection":[{"href":"https:\/\/inrs.ca\/en\/wp-json\/wp\/v2\/posts"}],"about":[{"href":"https:\/\/inrs.ca\/en\/wp-json\/wp\/v2\/types\/post"}],"author":[{"embeddable":true,"href":"https:\/\/inrs.ca\/en\/wp-json\/wp\/v2\/users\/4"}],"replies":[{"embeddable":true,"href":"https:\/\/inrs.ca\/en\/wp-json\/wp\/v2\/comments?post=162888"}],"version-history":[{"count":5,"href":"https:\/\/inrs.ca\/en\/wp-json\/wp\/v2\/posts\/162888\/revisions"}],"predecessor-version":[{"id":165363,"href":"https:\/\/inrs.ca\/en\/wp-json\/wp\/v2\/posts\/162888\/revisions\/165363"}],"wp:featuredmedia":[{"embeddable":true,"href":"https:\/\/inrs.ca\/en\/wp-json\/wp\/v2\/media\/162906"}],"wp:attachment":[{"href":"https:\/\/inrs.ca\/en\/wp-json\/wp\/v2\/media?parent=162888"}],"wp:term":[{"taxonomy":"category","embeddable":true,"href":"https:\/\/inrs.ca\/en\/wp-json\/wp\/v2\/categories?post=162888"},{"taxonomy":"post_tag","embeddable":true,"href":"https:\/\/inrs.ca\/en\/wp-json\/wp\/v2\/tags?post=162888"},{"taxonomy":"sectors","embeddable":true,"href":"https:\/\/inrs.ca\/en\/wp-json\/wp\/v2\/sectors?post=162888"}],"curies":[{"name":"wp","href":"https:\/\/api.w.org\/{rel}","templated":true}]}}