{"id":163233,"date":"2024-04-23T10:51:24","date_gmt":"2024-04-23T14:51:24","guid":{"rendered":"https:\/\/inrs.ca\/?p=163233"},"modified":"2026-07-16T06:50:08","modified_gmt":"2026-07-16T10:50:08","slug":"inrs-at-the-91st-acfas-congress","status":"publish","type":"post","link":"https:\/\/inrs.ca\/en\/news\/inrs-at-the-91st-acfas-congress\/","title":{"rendered":"INRS at the 91st Acfas Congress"},"content":{"rendered":"\n<p class=\"has-large-font-size wp-block-paragraph\">INRS community mobilized in support of French as a language of knowledge and science at the 91st Acfas Congress, May 13-17, 2024.<\/p>\n\n\n    \n<div class=\"wp-block full-width-image fixed-height\">\n    <div class=\"image-ctn\">\n        <img decoding=\"async\" src=\"https:\/\/inrs.ca\/wp-content\/uploads\/91eCongres_Illustrationlogo_horizontale.png\" alt=\"\" \/>\n    <\/div>\n    <p><\/p>\n<\/div>\n\n\n<div style=\"height:20px\" aria-hidden=\"true\" class=\"wp-block-spacer\"><\/div>\n\n\n\n<p class=\"has-drop-cap wp-block-paragraph\">Some thirty members of the INRS community will be taking part in the 91st Acfas congress, whose theme this year is <strong><em>Mobiliser les savoirs en fran\u00e7ais<\/em><\/strong>, organized in collaboration with the <a href=\"https:\/\/www.uottawa.ca\/en\">University of Ottawa<\/a>. This is an opportunity for the student community, faculty members, and administrators to present their research and share their expertise and reflections at events, colloquia, and networking sessions.<\/p>\n\n\n\n<p class=\"wp-block-paragraph\">Public policy and the well-being of Indigenous populations, natural hazards, women and immigration, data management, and adaptation to climate change are just some of the areas of expertise that will be addressed by members of the INRS community.&nbsp;<\/p>\n\n\n\n<p class=\"wp-block-paragraph\">This year, INRS is co-organizing a <a href=\"https:\/\/www.acfas.ca\/evenements\/congres\/programme\/91\/600\/613\/c\">symposium on research in rural areas<\/a>, which will examine the notion of rurality and the contribution of research to regional issues. Three full days of panels and workshops will bring together both research specialists and partners from the field.<\/p>\n\n\n\n<p class=\"wp-block-paragraph\">The Acfas annual conference is the largest multidisciplinary scientific gathering in the French-speaking world. It attracts an average of 6,000 participants from Quebec, across Canada, and abroad.<\/p>\n\n\n\n<div style=\"height:20px\" aria-hidden=\"true\" class=\"wp-block-spacer\"><\/div>\n\n\n\n<div class=\"wp-block-cover is-light\"><span aria-hidden=\"true\" class=\"wp-block-cover__background has-background-dim-100 has-background-dim has-background-gradient\" style=\"background:linear-gradient(135deg,rgb(238,238,238) 0%,rgba(7,30,74,0.06) 100%)\"><\/span><div class=\"wp-block-cover__inner-container is-layout-constrained wp-block-cover-is-layout-constrained\">\n<p class=\"has-text-align-left has-large-font-size wp-block-paragraph\"><strong><strong>The MT180 national final at the Acfas Congress<\/strong><\/strong><\/p>\n\n\n\n<figure class=\"wp-block-image alignright size-full is-resized\"><img loading=\"lazy\" decoding=\"async\" width=\"256\" height=\"341\" src=\"https:\/\/inrs.ca\/wp-content\/uploads\/hra_heatwave_heroes-4-edited.png\" alt=\"\" class=\"wp-image-163215\" style=\"aspect-ratio:0.750733137829912;width:207px;height:auto\" title=\"J\u00e9r\u00e9mie Boudreault\" srcset=\"https:\/\/inrs.ca\/wp-content\/uploads\/hra_heatwave_heroes-4-edited.png 256w, https:\/\/inrs.ca\/wp-content\/uploads\/hra_heatwave_heroes-4-edited-225x300.png 225w\" sizes=\"auto, (max-width: 256px) 100vw, 256px\" \/><\/figure>\n\n\n\n<p class=\"wp-block-paragraph\">J\u00e9r\u00e9mie Boudreault, a candidate in the Customized Doctorate in Environmental Health and Data Science program, will represent INRS at the national final on May 15 at 7 p.m. in Ottawa. He is one of 21 finalists from across Canada.&nbsp;<\/p>\n\n\n\n<p class=\"wp-block-paragraph\">Boudreault, who is conducting his studies under the supervision of professors Fateh Chebana (INRS) and C\u00e9line Campagna (INSPQ), won 1st place at the institutional final on April 3 for his presentation on the health costs of extreme heat in the context of climate change, using data science approaches.<\/p>\n\n\n\n<p class=\"wp-block-paragraph\">Free and mandatory registration: <a href=\"https:\/\/lnkd.in\/ebDDKr9F\">https:\/\/lnkd.in\/ebDDKr9F<\/a><\/p>\n\n\n\n<p class=\"wp-block-paragraph\">\ud83d\udd14 Follow us online on Facebook too!<\/p>\n\n\n\n<p class=\"wp-block-paragraph\">The INRS community is invited to support J\u00e9r\u00e9mie Boudreault in person or online.<\/p>\n<\/div><\/div>\n\n\n\n<div style=\"height:40px\" aria-hidden=\"true\" class=\"wp-block-spacer\"><\/div>\n\n\n\n<p class=\"has-large-font-size wp-block-paragraph\">INRS at the 91<sup>st<\/sup> Acfas Congress<\/p>\n\n\n\n<h2 id=\"h-monday-may-13\" class=\"wp-block-heading\" style=\"text-transform:uppercase\">Monday, May 13<\/h2>\n\n\n\n<div class=\"wp-block-columns is-layout-flex wp-container-core-columns-is-layout-9437c248 wp-block-columns-is-layout-flex\">\n<div class=\"wp-block-column is-layout-flow wp-block-column-is-layout-flow\">\n<div class=\"wp-block-cover is-light has-custom-content-position is-position-top-center\" style=\"min-height:200px;aspect-ratio:unset;\"><span aria-hidden=\"true\" class=\"wp-block-cover__background has-background-dim-100 has-background-dim has-background-gradient\" style=\"background:linear-gradient(135deg,rgb(238,238,238) 0%,rgba(124,138,166,0.28) 100%)\"><\/span><div class=\"wp-block-cover__inner-container is-layout-constrained wp-block-cover-is-layout-constrained\">\n<p class=\"wp-block-paragraph\"><a href=\"https:\/\/www.acfas.ca\/evenements\/congres\/programme\/91\/enjeux-recherche\/15\/c\"><strong>Colloque 15 &#8211; <\/strong>Mino Pimatiziwin&nbsp;: politiques publiques et mieux-\u00eatre des populations autochtones<\/a><\/p>\n\n\n\n<p class=\"wp-block-paragraph\">(lundi 13 et mardi 14 mai)<\/p>\n\n\n\n<p class=\"wp-block-paragraph\"><strong>Co-responsable du colloque et<\/strong> <strong>participation INRS<\/strong>&nbsp;: <strong><a href=\"https:\/\/inrs.ca\/en\/search\/?addsearch=levesque\">Carole L\u00e9vesque<\/a><\/strong><\/p>\n<\/div><\/div>\n\n\n\n<div style=\"height:10px\" aria-hidden=\"true\" class=\"wp-block-spacer\"><\/div>\n\n\n\n<div class=\"wp-block-cover is-light has-custom-content-position is-position-top-center\" style=\"min-height:200px;aspect-ratio:unset;\"><span aria-hidden=\"true\" class=\"wp-block-cover__background has-background-dim-100 has-background-dim has-background-gradient\" style=\"background:linear-gradient(135deg,rgb(238,238,238) 0%,rgba(124,138,166,0.28) 100%)\"><\/span><div class=\"wp-block-cover__inner-container is-layout-constrained wp-block-cover-is-layout-constrained\">\n<p class=\"wp-block-paragraph\"><a href=\"https:\/\/www.acfas.ca\/evenements\/congres\/programme\/91\/400\/405\/c?ancre=31090\"><strong>Colloque 405 &#8211;<\/strong> Innovations et mutations des activit\u00e9s de justice&nbsp;: \u00e9l\u00e9ments d\u2019une th\u00e9orie du changement<\/a><\/p>\n\n\n\n<ul class=\"wp-block-list\">\n<li>Pratiques p\u00e9nales et reproduction sociale des in\u00e9galit\u00e9s : Une analyse de 22 ans de pratiques p\u00e9nales dans les provinces canadiennes.<\/li>\n<\/ul>\n\n\n\n<p class=\"wp-block-paragraph\"><strong>Participation INRS<\/strong>\u00a0: <a href=\"https:\/\/www.acfas.ca\/user\/108379\" target=\"_blank\" rel=\"noreferrer noopener\">Mo Imoussaine<\/a>\u00a0<\/p>\n<\/div><\/div>\n<\/div>\n\n\n\n<div class=\"wp-block-column is-layout-flow wp-block-column-is-layout-flow\">\n<div class=\"wp-block-cover is-light has-custom-content-position is-position-top-center\" style=\"min-height:200px;aspect-ratio:unset;\"><span aria-hidden=\"true\" class=\"wp-block-cover__background has-background-dim-100 has-background-dim has-background-gradient\" style=\"background:linear-gradient(135deg,rgb(238,238,238) 0%,rgba(124,138,166,0.28) 100%)\"><\/span><div class=\"wp-block-cover__inner-container is-layout-constrained wp-block-cover-is-layout-constrained\">\n<p class=\"wp-block-paragraph\"><a href=\"https:\/\/www.acfas.ca\/evenements\/congres\/programme\/91\/300\/319\/c?ancre=33546\"><strong>Colloque 319 &#8211;<\/strong> Crises et enjeux contemporains des patrimoines<\/a><\/p>\n\n\n\n<ul class=\"wp-block-list\">\n<li>Les municipalit\u00e9s du Qu\u00e9bec et le patrimoine : une histoire ambig\u00fce<\/li>\n<\/ul>\n\n\n\n<p class=\"wp-block-paragraph\"><strong>Participation INRS<\/strong>&nbsp;: <a href=\"https:\/\/inrs.ca\/la-recherche\/professeurs\/fernand-harvey\/\" target=\"_blank\" rel=\"noreferrer noopener\">Fernand Harvey&nbsp;<\/a><\/p>\n<\/div><\/div>\n\n\n\n<div style=\"height:10px\" aria-hidden=\"true\" class=\"wp-block-spacer\"><\/div>\n\n\n\n<div class=\"wp-block-cover is-light has-custom-content-position is-position-top-center\" style=\"min-height:200px;aspect-ratio:unset;\"><span aria-hidden=\"true\" class=\"wp-block-cover__background has-background-dim-100 has-background-dim has-background-gradient\" style=\"background:linear-gradient(135deg,rgb(238,238,238) 0%,rgba(124,138,166,0.28) 100%)\"><\/span><div class=\"wp-block-cover__inner-container is-layout-constrained wp-block-cover-is-layout-constrained\">\n<p class=\"wp-block-paragraph\"><a href=\"https:\/\/www.acfas.ca\/evenements\/congres\/programme\/91\/600\/613\/c?ancre=31541\"><strong>Colloque 613 &#8211; <\/strong>La recherche en zones rurales : comprendre les fondements et explorer les pratiques<\/a><\/p>\n\n\n\n<p class=\"wp-block-paragraph\">(du lundi 13 au mercredi 15 mai)<\/p>\n\n\n\n<p class=\"wp-block-paragraph\"><strong>Co-responsable&nbsp;:<\/strong> <strong><a href=\"https:\/\/www.acfas.ca\/communaute\/profil\/emilie-jade-poliquin-0\">\u00c9milie-Jade Poliquin<\/a><\/strong><\/p>\n<\/div><\/div>\n<\/div>\n<\/div>\n\n\n\n<div style=\"height:40px\" aria-hidden=\"true\" class=\"wp-block-spacer\"><\/div>\n\n\n\n<h2 id=\"h-tuesday-may-14\" class=\"wp-block-heading\" style=\"text-transform:uppercase\">Tuesday, May 14<\/h2>\n\n\n\n<div class=\"wp-block-columns is-layout-flex wp-container-core-columns-is-layout-9437c248 wp-block-columns-is-layout-flex\">\n<div class=\"wp-block-column is-layout-flow wp-block-column-is-layout-flow\">\n<div class=\"wp-block-cover is-light has-custom-content-position is-position-top-center\" style=\"min-height:200px;aspect-ratio:unset;\"><span aria-hidden=\"true\" class=\"wp-block-cover__background has-background-dim-100 has-background-dim has-background-gradient\" style=\"background:linear-gradient(135deg,rgb(238,238,238) 0%,rgba(124,138,166,0.28) 100%)\"><\/span><div class=\"wp-block-cover__inner-container is-layout-constrained wp-block-cover-is-layout-constrained\">\n<p class=\"wp-block-paragraph\"><a href=\"https:\/\/www.acfas.ca\/evenements\/congres\/programme\/91\/500\/544\/c?ancre=32082\"><strong>Colloque 544 &#8211; <\/strong>Accessibilit\u00e9 financi\u00e8re aux \u00e9tudes et conditions pour favoriser la r\u00e9ussite \u00e9tudiante en enseignement sup\u00e9rieur : partage de savoirs scientifiques et exp\u00e9rientiels<\/a><\/p>\n\n\n\n<ul class=\"wp-block-list\">\n<li><a href=\"https:\/\/www.acfas.ca\/evenements\/congres\/programme\/91\/500\/544\/c?ancre=32082\">D\u00e9fis et innovations en logement \u00e9tudiant au Qu\u00e9bec<\/a><\/li>\n<\/ul>\n\n\n\n<p class=\"wp-block-paragraph\"><strong>Participation INRS&nbsp;: <\/strong><a href=\"https:\/\/www.acfas.ca\/user\/109168\" target=\"_blank\" rel=\"noreferrer noopener\">Nicholas Revington<\/a>&nbsp;<\/p>\n<\/div><\/div>\n\n\n\n<div style=\"height:10px\" aria-hidden=\"true\" class=\"wp-block-spacer\"><\/div>\n\n\n\n<div class=\"wp-block-cover is-light has-custom-content-position is-position-top-center\" style=\"min-height:200px;aspect-ratio:unset;\"><span aria-hidden=\"true\" class=\"wp-block-cover__background has-background-dim-100 has-background-dim has-background-gradient\" style=\"background:linear-gradient(135deg,rgb(238,238,238) 0%,rgba(124,138,166,0.28) 100%)\"><\/span><div class=\"wp-block-cover__inner-container is-layout-constrained wp-block-cover-is-layout-constrained\">\n<p class=\"wp-block-paragraph\"><a href=\"https:\/\/www.acfas.ca\/evenements\/congres\/programme\/91\/600\/613\/c?ancre=31541\"><strong>Colloque 613 &#8211;<\/strong> La recherche en zones rurales : comprendre les fondements et explorer les pratiques<\/a><\/p>\n\n\n\n<p class=\"wp-block-paragraph\"><strong>Co-responsable&nbsp;: <a href=\"https:\/\/www.acfas.ca\/communaute\/profil\/emilie-jade-poliquin-0\">\u00c9milie-Jade Poliquin<\/a><\/strong><\/p>\n\n\n\n<ul class=\"wp-block-list\">\n<li>Ruralit\u00e9 et acc\u00e8s aux services : 1) la sant\u00e9 (session parall\u00e8le 1)<\/li>\n<\/ul>\n\n\n\n<ul class=\"wp-block-list\">\n<li>CoSant\u00e9 : simulation d\u2019un laboratoire vivant en r\u00e9gion \u00e9loign\u00e9e (session parall\u00e8le 1)<\/li>\n<\/ul>\n\n\n\n<p class=\"wp-block-paragraph\"><strong>Participation INRS&nbsp;:<\/strong> Cathy Vaillancourt&nbsp;<\/p>\n<\/div><\/div>\n\n\n\n<div style=\"height:10px\" aria-hidden=\"true\" class=\"wp-block-spacer\"><\/div>\n\n\n\n<div class=\"wp-block-cover is-light has-custom-content-position is-position-top-center\" style=\"min-height:200px;aspect-ratio:unset;\"><span aria-hidden=\"true\" class=\"wp-block-cover__background has-background-dim-100 has-background-dim has-background-gradient\" style=\"background:linear-gradient(135deg,rgb(238,238,238) 0%,rgba(124,138,166,0.28) 100%)\"><\/span><div class=\"wp-block-cover__inner-container is-layout-constrained wp-block-cover-is-layout-constrained\">\n<p class=\"wp-block-paragraph\"><a href=\"https:\/\/www.acfas.ca\/evenements\/congres\/programme\/91\/300\/319\/c?ancre=33557\"><strong>Colloque 319 &#8211;<\/strong> Crises et enjeux contemporains des patrimoines<\/a><\/p>\n\n\n\n<ul class=\"wp-block-list\">\n<li>Le patrimoine comme solution aux crises urbaines contemporaines : le cas de la patrimonialisation LGBTQ dans le Village (gay) de Montr\u00e9al<\/li>\n<\/ul>\n\n\n\n<p class=\"wp-block-paragraph\"><strong>Participation INRS&nbsp;:<\/strong> <a href=\"https:\/\/www.acfas.ca\/user\/107045\" target=\"_blank\" rel=\"noreferrer noopener\">Alexandre Chanady<\/a><\/p>\n\n\n\n<p class=\"wp-block-paragraph\"><a href=\"https:\/\/www.acfas.ca\/evenements\/congres\/programme\/91\/400\/430\/c?ancre=31651\"><strong>Colloque 430 &#8211;<\/strong> L\u2019immigration au Qu\u00e9bec et ailleurs&nbsp;: complexit\u00e9 des trajectoires<\/a><\/p>\n\n\n\n<ul class=\"wp-block-list\">\n<li>Endettement et immigration au Qu\u00e9bec: un d\u00e9fi particulier pour les personnes racis\u00e9es<\/li>\n<\/ul>\n\n\n\n<p class=\"wp-block-paragraph\"><strong>Participation INRS&nbsp;:<\/strong> <a href=\"https:\/\/www.acfas.ca\/user\/110193\" target=\"_blank\" rel=\"noreferrer noopener\">Diana Pe\u00f1a Ruiz<\/a>&nbsp;, <a href=\"https:\/\/www.acfas.ca\/user\/58628\" target=\"_blank\" rel=\"noreferrer noopener\">Maude Pugliese<\/a>, Paul Eid<\/p>\n\n\n\n<ul class=\"wp-block-list\">\n<li>Facteurs et contraintes de l\u2019\u00e9migration irr\u00e9guli\u00e8re des jeunes hommes de l\u2019Afrique occidentale vers les pays du Nord<\/li>\n<\/ul>\n\n\n\n<p class=\"wp-block-paragraph\"><strong>Participation INRS&nbsp;:<\/strong> <a href=\"https:\/\/www.acfas.ca\/user\/109270\" target=\"_blank\" rel=\"noreferrer noopener\">Elhadj Mamadou Kaly Sow<\/a><\/p>\n\n\n\n<ul class=\"wp-block-list\">\n<li>Devenir m\u00e8re en tant qu\u2019immigrante temporaire au Qu\u00e9bec : diversit\u00e9 de trajectoires et effets sur l\u2019exp\u00e9rience p\u00e9rinatale des femmes<\/li>\n<\/ul>\n\n\n\n<p class=\"wp-block-paragraph\"><a href=\"https:\/\/www.acfas.ca\/user\/98855\" target=\"_blank\" rel=\"noreferrer noopener\">Elisa Beatriz Ramirez Hernandez<\/a>, Laurence Charton&nbsp;<em>(INRS)<\/em><\/p>\n<\/div><\/div>\n<\/div>\n\n\n\n<div class=\"wp-block-column is-layout-flow wp-block-column-is-layout-flow\">\n<div class=\"wp-block-cover is-light has-custom-content-position is-position-top-center\" style=\"min-height:200px;aspect-ratio:unset;\"><span aria-hidden=\"true\" class=\"wp-block-cover__background has-background-dim-100 has-background-dim has-background-gradient\" style=\"background:linear-gradient(135deg,rgb(238,238,238) 0%,rgba(124,138,166,0.28) 100%)\"><\/span><div class=\"wp-block-cover__inner-container is-layout-constrained wp-block-cover-is-layout-constrained\">\n<p class=\"wp-block-paragraph\"><a href=\"https:\/\/www.acfas.ca\/evenements\/congres\/programme\/91\/200\/201\/c?ancre=33684\"><strong>Colloque 201 &#8211;<\/strong> Les d\u00e9fis scientifiques, techniques et sociaux li\u00e9s \u00e0 l\u2019\u00e9tude des d\u00e9bits environnementaux<\/a><\/p>\n\n\n\n<ul class=\"wp-block-list\">\n<li>D\u00e9bits environnementaux au Qu\u00e9bec, \u00e9tat de l\u2019art et cheminement vers un programme de recherche.<\/li>\n<\/ul>\n\n\n\n<p class=\"wp-block-paragraph\"><strong>Participation INRS&nbsp;:<\/strong> Andr\u00e9 St-Hilaire, Eva Enders<em>, <\/em>et l\u2019\u00e9tudiante Habiba Ferchichi.<\/p>\n\n\n\n<ul class=\"wp-block-list\">\n<li>Les d\u00e9bits r\u00e9serv\u00e9s du point de vue de l\u2019habitat du poisson.<\/li>\n<\/ul>\n\n\n\n<p class=\"wp-block-paragraph\"><strong>Participation INRS&nbsp;: <\/strong>Eva Enders et William Jacques&nbsp;<\/p>\n\n\n\n<ul class=\"wp-block-list\">\n<li>Les p\u00e9riodes d\u2019\u00e9tiage et l&#8217;effet des pr\u00e9l\u00e8vements d&#8217;eau du point de vue de la mod\u00e9lisation hydrologique.<\/li>\n<\/ul>\n\n\n\n<p class=\"wp-block-paragraph\"><strong>Participation INRS&nbsp;: <\/strong>Alain Rousseau&nbsp;<\/p>\n<\/div><\/div>\n\n\n\n<div style=\"height:10px\" aria-hidden=\"true\" class=\"wp-block-spacer\"><\/div>\n\n\n\n<div class=\"wp-block-cover is-light has-custom-content-position is-position-top-center\" style=\"min-height:200px;aspect-ratio:unset;\"><span aria-hidden=\"true\" class=\"wp-block-cover__background has-background-dim-100 has-background-dim has-background-gradient\" style=\"background:linear-gradient(135deg,rgb(238,238,238) 0%,rgba(124,138,166,0.28) 100%)\"><\/span><div class=\"wp-block-cover__inner-container is-layout-constrained wp-block-cover-is-layout-constrained\">\n<p class=\"wp-block-paragraph\"><a href=\"https:\/\/www.acfas.ca\/evenements\/congres\/programme\/91\/600\/642\/c?ancre=31303\"><strong>Colloque 642 &#8211;<\/strong> 18e colloque sur les risques naturels au Qu\u00e9bec<\/a><\/p>\n\n\n\n<p class=\"wp-block-paragraph\">Tendances multivari\u00e9es des crues au Canada<\/p>\n\n\n\n<p class=\"wp-block-paragraph\"><strong>Participant INRS&nbsp;:<\/strong> <a href=\"https:\/\/www.acfas.ca\/user\/108918\" target=\"_blank\" rel=\"noreferrer noopener\">Fateh Chebana<\/a>&nbsp;<em>et <\/em>Dorsaf Goutali&nbsp;<\/p>\n\n\n\n<ul class=\"wp-block-list\">\n<li>Impacts des temp\u00eates sur les c\u00f4tes de perg\u00e9lisols d&#8217;un delta arctique: le cas de la r\u00e9gion de Kugluktuk et de la rivi\u00e8re Coppermine, Nunavut (Canada)<\/li>\n<\/ul>\n\n\n\n<p class=\"wp-block-paragraph\"><strong>Participant INRS&nbsp;:<\/strong> Jacob Stolle<\/p>\n\n\n\n<ul class=\"wp-block-list\">\n<li>L\u2019impact de l\u2019immigration sur l\u2019input en recherche et d\u00e9veloppement (R&amp;D) des entreprises canadiennes depuis les ann\u00e9es 2000<\/li>\n<\/ul>\n\n\n\n<p class=\"wp-block-paragraph\"><strong>Participation INRS&nbsp;:<\/strong> <a href=\"https:\/\/www.acfas.ca\/user\/89969\" target=\"_blank\" rel=\"noreferrer noopener\">Nong Zhu<\/a>&nbsp;<\/p>\n<\/div><\/div>\n\n\n\n<div style=\"height:10px\" aria-hidden=\"true\" class=\"wp-block-spacer\"><\/div>\n<\/div>\n<\/div>\n\n\n\n<div style=\"height:40px\" aria-hidden=\"true\" class=\"wp-block-spacer\"><\/div>\n\n\n\n<h2 id=\"h-wednesday-may-15\" class=\"wp-block-heading\" style=\"text-transform:uppercase\">WEDNESDAY, MAY 15<\/h2>\n\n\n\n<div class=\"wp-block-columns is-layout-flex wp-container-core-columns-is-layout-9437c248 wp-block-columns-is-layout-flex\">\n<div class=\"wp-block-column is-layout-flow wp-block-column-is-layout-flow\">\n<div class=\"wp-block-cover is-light has-custom-content-position is-position-top-center\" style=\"min-height:200px;aspect-ratio:unset;\"><span aria-hidden=\"true\" class=\"wp-block-cover__background has-background-dim-100 has-background-dim has-background-gradient\" style=\"background:linear-gradient(135deg,rgb(238,238,238) 0%,rgba(124,138,166,0.28) 100%)\"><\/span><div class=\"wp-block-cover__inner-container is-layout-constrained wp-block-cover-is-layout-constrained\">\n<p class=\"wp-block-paragraph\"><a href=\"https:\/\/www.acfas.ca\/evenements\/congres\/programme\/91\/600\/650\/c?ancre=34244\"><strong>Colloque 650 &#8211;<\/strong> Adaptation aux changements climatiques : probl\u00e9matique actuelle<\/a><\/p>\n\n\n\n<ul class=\"wp-block-list\">\n<li>Adaptation des municipalit\u00e9s aux \u00e9v\u00e9nements de pluies intenses : o\u00f9 en sommes-nous ?<\/li>\n<\/ul>\n\n\n\n<p class=\"wp-block-paragraph\"><strong>Participation INRS&nbsp;:<\/strong> &nbsp;<a href=\"https:\/\/www.acfas.ca\/user\/110148\" target=\"_blank\" rel=\"noreferrer noopener\">Alain Mailhot<\/a>&nbsp;<\/p>\n\n\n\n<ul class=\"wp-block-list\">\n<li>Comment contribuer \u00e0 faire vivre les r\u00e9sultats d\u2019une recherche- action ?<\/li>\n<\/ul>\n\n\n\n<p class=\"wp-block-paragraph\"><strong>Participation INRS<\/strong>&nbsp;: <a href=\"https:\/\/www.acfas.ca\/user\/80596\" target=\"_blank\" rel=\"noreferrer noopener\">H\u00e9l\u00e8ne Mad\u00e9nian<\/a>&nbsp;et Sophie L. Van Neste.<\/p>\n<\/div><\/div>\n\n\n\n<div style=\"height:10px\" aria-hidden=\"true\" class=\"wp-block-spacer\"><\/div>\n\n\n\n<div class=\"wp-block-cover is-light has-custom-content-position is-position-top-center\" style=\"min-height:200px;aspect-ratio:unset;\"><span aria-hidden=\"true\" class=\"wp-block-cover__background has-background-dim-100 has-background-dim has-background-gradient\" style=\"background:linear-gradient(135deg,rgb(238,238,238) 0%,rgba(124,138,166,0.28) 100%)\"><\/span><div class=\"wp-block-cover__inner-container is-layout-constrained wp-block-cover-is-layout-constrained\">\n<p class=\"wp-block-paragraph\"><a href=\"https:\/\/www.acfas.ca\/evenements\/congres\/programme\/91\/600\/613\/c?ancre=31541\"><strong>Colloque 613 &#8211;<\/strong> La recherche en zones rurales : comprendre les fondements et explorer les pratiques<\/a><\/p>\n\n\n\n<p class=\"wp-block-paragraph\"><strong>Co-responsable&nbsp;: <a href=\"https:\/\/www.acfas.ca\/communaute\/profil\/emilie-jade-poliquin-0\">\u00c9milie-Jade Poliquin<\/a><\/strong><\/p>\n\n\n\n<ul class=\"wp-block-list\">\n<li>\u00c9tude de l\u2019OCDE sur l\u2019innovation rurale : perspectives qu\u00e9b\u00e9coises<\/li>\n<\/ul>\n\n\n\n<p class=\"wp-block-paragraph\"><strong>Participation INRS&nbsp;<\/strong>: \u00c9milie-Jade Poliquin<\/p>\n\n\n\n<ul class=\"wp-block-list\">\n<li>Communaut\u00e9s rurales, communaut\u00e9s universitaires : comment travailler ensemble?<\/li>\n<\/ul>\n\n\n\n<p class=\"wp-block-paragraph\"><strong>Participation INRS&nbsp;: <\/strong>Gabriel Joyal<\/p>\n\n\n\n<ul class=\"wp-block-list\">\n<li>Le r\u00f4le des universit\u00e9s comme levier de la recherche en zones rurales&nbsp;: pistes et opportunit\u00e9s<\/li>\n<\/ul>\n\n\n\n<p class=\"wp-block-paragraph\"><strong>Participation INRS<\/strong>&nbsp;: Luc-Alain Giraldeau<\/p>\n<\/div><\/div>\n\n\n\n<div style=\"height:10px\" aria-hidden=\"true\" class=\"wp-block-spacer\"><\/div>\n<\/div>\n\n\n\n<div class=\"wp-block-column is-layout-flow wp-block-column-is-layout-flow\">\n<div class=\"wp-block-cover is-light has-custom-content-position is-position-top-center\" style=\"min-height:200px;aspect-ratio:unset;\"><span aria-hidden=\"true\" class=\"wp-block-cover__background has-background-dim-100 has-background-dim has-background-gradient\" style=\"background:linear-gradient(135deg,rgb(238,238,238) 0%,rgba(124,138,166,0.28) 100%)\"><\/span><div class=\"wp-block-cover__inner-container is-layout-constrained wp-block-cover-is-layout-constrained\">\n<p class=\"wp-block-paragraph\"><a href=\"https:\/\/www.acfas.ca\/evenements\/congres\/programme\/91\/400\/457\/c?ancre=31932\"><strong>Colloque 457 &#8211;<\/strong> Le travail social num\u00e9rique&nbsp;: une nouvelle sp\u00e9cialit\u00e9&nbsp;?<\/a><\/p>\n\n\n\n<ul class=\"wp-block-list\">\n<li>La m\u00e9diation num\u00e9rique au Qu\u00e9bec pour les d\u00e9marches administratives, un aper\u00e7u<\/li>\n<\/ul>\n\n\n\n<p class=\"wp-block-paragraph\"><a href=\"https:\/\/www.acfas.ca\/user\/90593\" target=\"_blank\" rel=\"noreferrer noopener\">\u00c9milie Michaud<\/a>&nbsp;<em>(INRS &#8211; Institut national de la recherche scientifique)<\/em><\/p>\n\n\n\n<ul class=\"wp-block-list\">\n<li>L\u2019\u00e9tude de trajectoires d\u2019implantation de barom\u00e8tre, un outil num\u00e9rique visant \u00e0 actualiser l\u2019approche de personnalisation des services sociaux<\/li>\n<\/ul>\n\n\n\n<p class=\"wp-block-paragraph\"><a href=\"https:\/\/www.acfas.ca\/user\/2613\" target=\"_blank\" rel=\"noreferrer noopener\">S\u00e9bastien Carrier<\/a>&nbsp;<em>(UdeS &#8211; Universit\u00e9 de Sherbrooke)<\/em>, Pierre-Luc Boss\u00e9&nbsp;<em>(UdeS &#8211; Universit\u00e9 de Sherbrooke)<\/em>, Alexandre Farrese&nbsp;<em>(Institut universitaire de premi\u00e8re ligne en sant\u00e9 et services sociaux)<\/em><\/p>\n<\/div><\/div>\n\n\n\n<div style=\"height:10px\" aria-hidden=\"true\" class=\"wp-block-spacer\"><\/div>\n\n\n\n<div class=\"wp-block-cover is-light has-custom-content-position is-position-top-center\" style=\"min-height:200px;aspect-ratio:unset;\"><span aria-hidden=\"true\" class=\"wp-block-cover__background has-background-dim-100 has-background-dim has-background-gradient\" style=\"background:linear-gradient(135deg,rgb(238,238,238) 0%,rgba(124,138,166,0.28) 100%)\"><\/span><div class=\"wp-block-cover__inner-container is-layout-constrained wp-block-cover-is-layout-constrained\">\n<p class=\"wp-block-paragraph\"><a href=\"https:\/\/www.acfas.ca\/evenements\/congres\/programme\/91\/400\/433\/c?ancre=31949\"><strong>Colloque 433 &#8211; <\/strong>Femmes et immigration&nbsp;: regards crois\u00e9s<\/a><\/p>\n\n\n\n<ul class=\"wp-block-list\">\n<li>Parcours migratoires des femmes<\/li>\n<\/ul>\n\n\n\n<p class=\"wp-block-paragraph\"><strong>Participation INRS<\/strong>&nbsp;: Elisa Beatriz Ramirez Hernandez&nbsp;<\/p>\n\n\n\n<ul class=\"wp-block-list\">\n<li>Les r\u00f4les des femmes dans les projets migratoires de s\u00e9jours temporaires au Qu\u00e9bec \u00e0 la lumi\u00e8re des exp\u00e9riences de nouvelles m\u00e8res<\/li>\n<\/ul>\n\n\n\n<p class=\"wp-block-paragraph\"><strong>Participation INRS&nbsp;:<\/strong> <a href=\"https:\/\/www.acfas.ca\/user\/98855\" target=\"_blank\" rel=\"noreferrer noopener\">Elisa Beatriz Ramirez Hernandez<\/a><em> et <\/em>Laurence Charton&nbsp;<\/p>\n<\/div><\/div>\n<\/div>\n<\/div>\n\n\n\n<div style=\"height:40px\" aria-hidden=\"true\" class=\"wp-block-spacer\"><\/div>\n\n\n\n<h2 id=\"h-thursday-may-16\" class=\"wp-block-heading\" style=\"text-transform:uppercase\">THURSDAY, MAY 16<\/h2>\n\n\n\n<div class=\"wp-block-columns is-layout-flex wp-container-core-columns-is-layout-9437c248 wp-block-columns-is-layout-flex\">\n<div class=\"wp-block-column is-layout-flow wp-block-column-is-layout-flow\">\n<div class=\"wp-block-cover is-light has-custom-content-position is-position-top-center\" style=\"min-height:200px;aspect-ratio:unset;\"><span aria-hidden=\"true\" class=\"wp-block-cover__background has-background-dim-100 has-background-dim has-background-gradient\" style=\"background:linear-gradient(135deg,rgb(238,238,238) 0%,rgba(124,138,166,0.28) 100%)\"><\/span><div class=\"wp-block-cover__inner-container is-layout-constrained wp-block-cover-is-layout-constrained\">\n<p class=\"wp-block-paragraph\"><a href=\"https:\/\/www.acfas.ca\/evenements\/congres\/programme\/91\/enjeux-recherche\/32\/c?ancre=33587\"><strong>Colloque 32 &#8211; <\/strong>Comment les \u00e9tablissements d\u2019enseignement sup\u00e9rieur valorisent-ils l\u2019engagement des chercheur\u00b7se\u00b7s en communication scientifique&nbsp;?<\/a><\/p>\n\n\n\n<ul class=\"wp-block-list\">\n<li><a href=\"https:\/\/www.acfas.ca\/evenements\/congres\/programme\/91\/enjeux-recherche\/32\/c?ancre=33587\">Cadre g\u00e9n\u00e9ral et mesures pr\u00e9cises&nbsp;: le cas d\u2019\u00e9tablissements d\u2019enseignement sup\u00e9rieur, partie&nbsp;2<\/a><\/li>\n<\/ul>\n\n\n\n<p class=\"wp-block-paragraph\"><strong>Participation INRS&nbsp;<\/strong>: Isabelle Delisle&nbsp;<\/p>\n<\/div><\/div>\n\n\n\n<div style=\"height:10px\" aria-hidden=\"true\" class=\"wp-block-spacer\"><\/div>\n\n\n\n<div class=\"wp-block-cover is-light has-custom-content-position is-position-top-center\" style=\"min-height:952px;aspect-ratio:unset;\"><span aria-hidden=\"true\" class=\"wp-block-cover__background has-background-dim-100 has-background-dim has-background-gradient\" style=\"background:linear-gradient(135deg,rgb(238,238,238) 0%,rgba(124,138,166,0.28) 100%)\"><\/span><div class=\"wp-block-cover__inner-container is-layout-constrained wp-block-cover-is-layout-constrained\">\n<p class=\"wp-block-paragraph\"><a href=\"https:\/\/www.acfas.ca\/evenements\/congres\/programme\/91\/400\/430\/c?ancre=31651\"><strong>Colloque 430 &#8211;<\/strong> L\u2019immigration au Qu\u00e9bec et ailleurs&nbsp;: complexit\u00e9 des trajectoires<\/a><\/p>\n\n\n\n<ul class=\"wp-block-list\">\n<li>Facteurs et contraintes de l\u2019\u00e9migration irr\u00e9guli\u00e8re des jeunes hommes de l\u2019Afrique occidentale vers les pays du Nord<\/li>\n<\/ul>\n\n\n\n<p class=\"wp-block-paragraph\">Participation INRS : <a href=\"https:\/\/www.acfas.ca\/user\/109270\" target=\"_blank\" rel=\"noreferrer noopener\">Elhadj Mamadou Kaly Sow<\/a>&nbsp;<\/p>\n\n\n\n<ul class=\"wp-block-list\">\n<li>Devenir m\u00e8re en tant qu\u2019immigrante temporaire au Qu\u00e9bec : diversit\u00e9 de trajectoires et effets sur l\u2019exp\u00e9rience p\u00e9rinatale des femmes<\/li>\n<\/ul>\n\n\n\n<p class=\"wp-block-paragraph\"><strong>Participation INRS&nbsp;: <\/strong><a href=\"https:\/\/www.acfas.ca\/user\/98855\" target=\"_blank\" rel=\"noreferrer noopener\">Elisa Beatriz Ramirez Hernandez<\/a>&nbsp;et la professeure Laurence Charton&nbsp;<\/p>\n\n\n\n<ul class=\"wp-block-list\">\n<li><a href=\"https:\/\/www.acfas.ca\/evenements\/congres\/programme\/91\/400\/430\/c?ancre=31663\">Table ronde&nbsp;: R\u00e9fl\u00e9chir sur migration et trajectoires<\/a><\/li>\n<\/ul>\n\n\n\n<p class=\"wp-block-paragraph\"><strong>Participation INRS&nbsp;<\/strong>: la professeure Maude Pugliese et les membres \u00e9tudiants Elisa Beatriz Ramirez Hernandez, Elhadj Mamadou Kaly Sow.<\/p>\n<\/div><\/div>\n<\/div>\n\n\n\n<div class=\"wp-block-column is-layout-flow wp-block-column-is-layout-flow\">\n<div class=\"wp-block-cover is-light has-custom-content-position is-position-top-center\" style=\"min-height:200px;aspect-ratio:unset;\"><span aria-hidden=\"true\" class=\"wp-block-cover__background has-background-dim-100 has-background-dim has-background-gradient\" style=\"background:linear-gradient(135deg,rgb(238,238,238) 0%,rgba(124,138,166,0.28) 100%)\"><\/span><div class=\"wp-block-cover__inner-container is-layout-constrained wp-block-cover-is-layout-constrained\">\n<p class=\"wp-block-paragraph\"><a href=\"https:\/\/www.acfas.ca\/evenements\/congres\/programme\/91\/enjeux-recherche\/24\/c?ancre=34207\"><strong>Colloque 24 &#8211;<\/strong> La profession en filigrane de la recherche&nbsp;: la GDR d\u00e9cloisonn\u00e9e<\/a><\/p>\n\n\n\n<p class=\"wp-block-paragraph\"><strong><a href=\"https:\/\/www.acfas.ca\/evenements\/congres\/programme\/91\/enjeux-recherche\/24\/c?ancre=34207\">Panel sur la gestion des donn\u00e9es de recherche<\/a><\/strong><\/p>\n\n\n\n<p class=\"wp-block-paragraph\"><strong>Participation INRS<\/strong>&nbsp;: la professeure Carolyn C\u00f4t\u00e9-Lussier et Jonathan Dorey&nbsp;<\/p>\n<\/div><\/div>\n\n\n\n<div style=\"height:10px\" aria-hidden=\"true\" class=\"wp-block-spacer\"><\/div>\n\n\n\n<div class=\"wp-block-cover is-light has-custom-content-position is-position-top-center\" style=\"min-height:200px;aspect-ratio:unset;\"><span aria-hidden=\"true\" class=\"wp-block-cover__background has-background-dim-100 has-background-dim has-background-gradient\" style=\"background:linear-gradient(135deg,rgb(238,238,238) 0%,rgba(124,138,166,0.28) 100%)\"><\/span><div class=\"wp-block-cover__inner-container is-layout-constrained wp-block-cover-is-layout-constrained\">\n<p class=\"wp-block-paragraph\"><a href=\"https:\/\/www.acfas.ca\/evenements\/congres\/programme\/91\/400\/401\/c?ancre=30290\"><strong>Colloque 401 &#8211;<\/strong> L\u2019\u00e9quit\u00e9, la diversit\u00e9 et l\u2019inclusion (EDI) dans le secteur de la sant\u00e9 et des services sociaux&nbsp;: d\u00e9marches, enjeux et perspectives<\/a><\/p>\n\n\n\n<ul class=\"wp-block-list\">\n<li>Postures et limites des d\u00e9marches EDI : retour sur les apprentissages des pratiques \u00ab interculturelles \u00bb dans les organismes communautaires de Montr\u00e9al<\/li>\n<\/ul>\n\n\n\n<p class=\"wp-block-paragraph\"><strong>Participation INRS&nbsp;:<\/strong> <a href=\"https:\/\/www.acfas.ca\/user\/78922\" target=\"_blank\" rel=\"noreferrer noopener\">M\u00e9lanie Ederer<\/a><\/p>\n<\/div><\/div>\n<\/div>\n<\/div>\n\n\n\n<div style=\"height:40px\" aria-hidden=\"true\" class=\"wp-block-spacer\"><\/div>\n\n\n\n<h2 id=\"h-friday-may-17\" class=\"wp-block-heading\" style=\"text-transform:uppercase\">Friday, May 17<\/h2>\n\n\n\n<div class=\"wp-block-columns is-layout-flex wp-container-core-columns-is-layout-9437c248 wp-block-columns-is-layout-flex\">\n<div class=\"wp-block-column is-layout-flow wp-block-column-is-layout-flow\">\n<div class=\"wp-block-cover is-light has-custom-content-position is-position-top-center\" style=\"min-height:200px;aspect-ratio:unset;\"><span aria-hidden=\"true\" class=\"wp-block-cover__background has-background-dim-100 has-background-dim has-background-gradient\" style=\"background:linear-gradient(135deg,rgb(238,238,238) 0%,rgba(124,138,166,0.28) 100%)\"><\/span><div class=\"wp-block-cover__inner-container is-layout-constrained wp-block-cover-is-layout-constrained\">\n<p class=\"wp-block-paragraph\"><a href=\"https:\/\/www.acfas.ca\/evenements\/congres\/programme\/91\/enjeux-recherche\/18\/c\"><strong>Colloque 18 &#8211; <\/strong>Services enfance-famille autochtones&nbsp;: gouvernance, autod\u00e9termination et s\u00e9curisation culturelle<\/a><\/p>\n\n\n\n<p class=\"wp-block-paragraph\"><strong>Coresponsable&nbsp;: <\/strong>la professeure <a href=\"https:\/\/www.acfas.ca\/user\/55460\" target=\"_blank\" rel=\"noreferrer noopener\">Mireille De La Sablonni\u00e8re-Griffin<\/a><\/p>\n\n\n\n<p class=\"wp-block-paragraph\"><a href=\"https:\/\/www.acfas.ca\/evenements\/congres\/programme\/91\/100\/106\/c?ancre=33499\"><strong>Colloque 106 &#8211;<\/strong> Les sciences de la nutrition au 21e si\u00e8cle\u202f: de la recherche \u00e0 l\u2019assiette<\/a><\/p>\n\n\n\n<ul class=\"wp-block-list\">\n<li>Identification des profils alimentaires chez des participants issus de la cohorte CO\u00d7MMUNITY : analyses en composantes principales<\/li>\n<\/ul>\n\n\n\n<p class=\"wp-block-paragraph\"><strong>Participation INRS&nbsp;: <\/strong>&nbsp;Canisius Fantodji<\/p>\n<\/div><\/div>\n\n\n\n<div style=\"height:10px\" aria-hidden=\"true\" class=\"wp-block-spacer\"><\/div>\n\n\n\n<div class=\"wp-block-cover is-light has-custom-content-position is-position-top-center\" style=\"min-height:200px;aspect-ratio:unset;\"><span aria-hidden=\"true\" class=\"wp-block-cover__background has-background-dim-100 has-background-dim has-background-gradient\" style=\"background:linear-gradient(135deg,rgb(238,238,238) 0%,rgba(124,138,166,0.28) 100%)\"><\/span><div class=\"wp-block-cover__inner-container is-layout-constrained wp-block-cover-is-layout-constrained\">\n<p class=\"wp-block-paragraph\"><a href=\"https:\/\/www.acfas.ca\/evenements\/congres\/programme\/91\/500\/501\/d?ancre=33340\"><strong>501 &#8211;<\/strong> Adaptation scolaire et sociale<\/a><\/p>\n\n\n\n<ul class=\"wp-block-list\">\n<li>Extension des panels synth\u00e9tiques et du mod\u00e8le multiniveaux pour \u00e9tudier la dynamique et les facteurs de variation des performances des apprenants du primaire<\/li>\n<\/ul>\n\n\n\n<p class=\"wp-block-paragraph\"><strong>Participation INRS&nbsp;: <\/strong><a href=\"https:\/\/www.acfas.ca\/user\/94439\" target=\"_blank\" rel=\"noreferrer noopener\">Talagbe Gabin Akpo<\/a>&nbsp;<\/p>\n<\/div><\/div>\n<\/div>\n\n\n\n<div class=\"wp-block-column is-layout-flow wp-block-column-is-layout-flow\">\n<div class=\"wp-block-cover is-light has-custom-content-position is-position-top-center\" style=\"min-height:200px;aspect-ratio:unset;\"><span aria-hidden=\"true\" class=\"wp-block-cover__background has-background-dim-100 has-background-dim has-background-gradient\" style=\"background:linear-gradient(135deg,rgb(238,238,238) 0%,rgba(124,138,166,0.28) 100%)\"><\/span><div class=\"wp-block-cover__inner-container is-layout-constrained wp-block-cover-is-layout-constrained\">\n<p class=\"wp-block-paragraph\"><a href=\"https:\/\/www.acfas.ca\/evenements\/congres\/programme\/91\/600\/603\/c?ancre=31781\"><strong>Colloque 603 &#8211;<\/strong> Innovation et gouvernance publique au 21e si\u00e8cle : \u00e9volutions, regards crois\u00e9s et prospectives<\/a><\/p>\n\n\n\n<p class=\"wp-block-paragraph\">Communications libres (du lundi 13 au vendredi 17 mai 2024)<\/p>\n\n\n\n<ul class=\"wp-block-list\">\n<li>La mise en d\u00e9bat d&#8217;une infrastructure autorouti\u00e8re : le cas de l&#8217;\u00e9changeur Saint-Pierre \u00e0 Montr\u00e9al<\/li>\n<\/ul>\n\n\n\n<p class=\"wp-block-paragraph\"><strong>Participation INRS&nbsp;:<\/strong> Sophie Lavoie<\/p>\n<\/div><\/div>\n\n\n\n<div style=\"height:10px\" aria-hidden=\"true\" class=\"wp-block-spacer\"><\/div>\n\n\n\n<div class=\"wp-block-cover is-light has-custom-content-position is-position-top-center\" style=\"min-height:200px;aspect-ratio:unset;\"><span aria-hidden=\"true\" class=\"wp-block-cover__background has-background-dim-100 has-background-dim has-background-gradient\" style=\"background:linear-gradient(135deg,rgb(238,238,238) 0%,rgba(124,138,166,0.28) 100%)\"><\/span><div class=\"wp-block-cover__inner-container is-layout-constrained wp-block-cover-is-layout-constrained\">\n<p class=\"wp-block-paragraph\"><a href=\"https:\/\/www.acfas.ca\/evenements\/congres\/programme\/91\/400\/404\/d?ancre=32822\"><strong>404 &#8211;<\/strong> M\u00e9dias, communications et information<\/a><\/p>\n\n\n\n<ul class=\"wp-block-list\">\n<li>Corps et sexualit\u00e9 de femmes en situation de pauvret\u00e9 dans une t\u00e9l\u00e9s\u00e9rie qu\u00e9b\u00e9coise produite \u00e0 l&#8217;\u00e8re #MoiAussi<\/li>\n<\/ul>\n\n\n\n<p class=\"wp-block-paragraph\"><strong>Participation INRS&nbsp;: <\/strong><a href=\"https:\/\/www.acfas.ca\/user\/106815\" target=\"_blank\" rel=\"noreferrer noopener\">Am\u00e9lie Cousineau<\/a><\/p>\n<\/div><\/div>\n<\/div>\n<\/div>\n","protected":false},"excerpt":{"rendered":"<p>INRS community mobilized in support of French as a language of knowledge and science at the 91st Acfas Congress, May 13-17, 2024<\/p>\n","protected":false},"author":401,"featured_media":163235,"comment_status":"closed","ping_status":"closed","sticky":false,"template":"","format":"standard","meta":{"_acf_changed":false,"_monsterinsights_skip_tracking":false,"_monsterinsights_sitenote_active":false,"_monsterinsights_sitenote_note":"","_monsterinsights_sitenote_category":0,"footnotes":""},"categories":[1372],"tags":[],"sectors":[678,679,727,735,729,730,731,732,733,734,728],"class_list":["post-163233","post","type-post","status-publish","format-standard","has-post-thumbnail","hentry","category-science-and-society","sectors-biotechnologie-en","sectors-sante-en","sectors-culture-en","sectors-energie-en","sectors-environnement-en","sectors-geosciences-en","sectors-materiaux-en","sectors-societe-en","sectors-telecommunications-en","sectors-urbanization","sectors-eau-en"],"acf":[],"yoast_head":"<!-- This site is optimized with the Yoast SEO Premium plugin v26.1 (Yoast SEO v28.3) - https:\/\/yoast.com\/product\/yoast-seo-premium-wordpress\/ -->\n<title>INRS at the 91st Acfas Congress | INRS<\/title>\n<meta name=\"description\" content=\"INRS community mobilized in support of French as a language of knowledge and science at the 91st Acfas Congress, May 13-17, 2024.\" \/>\n<meta name=\"robots\" content=\"index, follow, max-snippet:-1, max-image-preview:large, max-video-preview:-1\" \/>\n<link rel=\"canonical\" href=\"https:\/\/inrs.ca\/en\/news\/inrs-at-the-91st-acfas-congress\/\" \/>\n<meta property=\"og:locale\" content=\"en_US\" \/>\n<meta property=\"og:type\" content=\"article\" \/>\n<meta property=\"og:title\" content=\"INRS at the 91st Acfas Congress\" \/>\n<meta property=\"og:description\" content=\"INRS community mobilized in support of French as a language of knowledge and science at the 91st Acfas Congress, May 13-17, 2024.\" \/>\n<meta property=\"og:url\" content=\"https:\/\/inrs.ca\/en\/news\/inrs-at-the-91st-acfas-congress\/\" \/>\n<meta property=\"og:site_name\" content=\"INRS\" \/>\n<meta property=\"article:publisher\" content=\"https:\/\/www.facebook.com\/inrsciences\/\" \/>\n<meta property=\"article:published_time\" content=\"2024-04-23T14:51:24+00:00\" \/>\n<meta property=\"article:modified_time\" content=\"2026-07-16T10:50:08+00:00\" \/>\n<meta property=\"og:image\" content=\"https:\/\/inrs.ca\/wp-content\/uploads\/91eCongres_Illustrationlogo_horizontale.png\" \/>\n\t<meta property=\"og:image:width\" content=\"1920\" \/>\n\t<meta property=\"og:image:height\" content=\"1080\" \/>\n\t<meta property=\"og:image:type\" content=\"image\/png\" \/>\n<meta name=\"author\" content=\"Julie Robert\" \/>\n<meta name=\"twitter:card\" content=\"summary_large_image\" \/>\n<meta name=\"twitter:creator\" content=\"@inrsciences\" \/>\n<meta name=\"twitter:site\" content=\"@inrsciences\" \/>\n<meta name=\"twitter:label1\" content=\"Written by\" \/>\n\t<meta name=\"twitter:data1\" content=\"Julie Robert\" \/>\n\t<meta name=\"twitter:label2\" content=\"Est. reading time\" \/>\n\t<meta name=\"twitter:data2\" content=\"8 minutes\" \/>\n<script type=\"application\/ld+json\" class=\"yoast-schema-graph\">{\"@context\":\"https:\\\/\\\/schema.org\",\"@graph\":[{\"@type\":\"Article\",\"@id\":\"https:\\\/\\\/inrs.ca\\\/en\\\/news\\\/inrs-at-the-91st-acfas-congress\\\/#article\",\"isPartOf\":{\"@id\":\"https:\\\/\\\/inrs.ca\\\/en\\\/news\\\/inrs-at-the-91st-acfas-congress\\\/\"},\"author\":{\"name\":\"Julie Robert\",\"@id\":\"https:\\\/\\\/inrs.ca\\\/en\\\/#\\\/schema\\\/person\\\/ae0496dd2bea38dcb98e98a3b0fb6c5f\"},\"headline\":\"INRS at the 91st Acfas Congress\",\"datePublished\":\"2024-04-23T14:51:24+00:00\",\"dateModified\":\"2026-07-16T10:50:08+00:00\",\"mainEntityOfPage\":{\"@id\":\"https:\\\/\\\/inrs.ca\\\/en\\\/news\\\/inrs-at-the-91st-acfas-congress\\\/\"},\"wordCount\":1580,\"image\":{\"@id\":\"https:\\\/\\\/inrs.ca\\\/en\\\/news\\\/inrs-at-the-91st-acfas-congress\\\/#primaryimage\"},\"thumbnailUrl\":\"https:\\\/\\\/inrs.ca\\\/wp-content\\\/uploads\\\/91eCongres_Illustrationlogo_horizontale.png\",\"articleSection\":[\"Science and Society\"],\"inLanguage\":\"en-CA\"},{\"@type\":\"WebPage\",\"@id\":\"https:\\\/\\\/inrs.ca\\\/en\\\/news\\\/inrs-at-the-91st-acfas-congress\\\/\",\"url\":\"https:\\\/\\\/inrs.ca\\\/en\\\/news\\\/inrs-at-the-91st-acfas-congress\\\/\",\"name\":\"INRS at the 91st Acfas Congress | INRS\",\"isPartOf\":{\"@id\":\"https:\\\/\\\/inrs.ca\\\/en\\\/#website\"},\"primaryImageOfPage\":{\"@id\":\"https:\\\/\\\/inrs.ca\\\/en\\\/news\\\/inrs-at-the-91st-acfas-congress\\\/#primaryimage\"},\"image\":{\"@id\":\"https:\\\/\\\/inrs.ca\\\/en\\\/news\\\/inrs-at-the-91st-acfas-congress\\\/#primaryimage\"},\"thumbnailUrl\":\"https:\\\/\\\/inrs.ca\\\/wp-content\\\/uploads\\\/91eCongres_Illustrationlogo_horizontale.png\",\"datePublished\":\"2024-04-23T14:51:24+00:00\",\"dateModified\":\"2026-07-16T10:50:08+00:00\",\"author\":{\"@id\":\"https:\\\/\\\/inrs.ca\\\/en\\\/#\\\/schema\\\/person\\\/ae0496dd2bea38dcb98e98a3b0fb6c5f\"},\"description\":\"INRS community mobilized in support of French as a language of knowledge and science at the 91st Acfas Congress, May 13-17, 2024.\",\"breadcrumb\":{\"@id\":\"https:\\\/\\\/inrs.ca\\\/en\\\/news\\\/inrs-at-the-91st-acfas-congress\\\/#breadcrumb\"},\"inLanguage\":\"en-CA\",\"potentialAction\":[{\"@type\":\"ReadAction\",\"target\":[\"https:\\\/\\\/inrs.ca\\\/en\\\/news\\\/inrs-at-the-91st-acfas-congress\\\/\"]}]},{\"@type\":\"ImageObject\",\"inLanguage\":\"en-CA\",\"@id\":\"https:\\\/\\\/inrs.ca\\\/en\\\/news\\\/inrs-at-the-91st-acfas-congress\\\/#primaryimage\",\"url\":\"https:\\\/\\\/inrs.ca\\\/wp-content\\\/uploads\\\/91eCongres_Illustrationlogo_horizontale.png\",\"contentUrl\":\"https:\\\/\\\/inrs.ca\\\/wp-content\\\/uploads\\\/91eCongres_Illustrationlogo_horizontale.png\",\"width\":1920,\"height\":1080},{\"@type\":\"BreadcrumbList\",\"@id\":\"https:\\\/\\\/inrs.ca\\\/en\\\/news\\\/inrs-at-the-91st-acfas-congress\\\/#breadcrumb\",\"itemListElement\":[{\"@type\":\"ListItem\",\"position\":1,\"name\":\"Accueil\",\"item\":\"https:\\\/\\\/inrs.ca\\\/en\\\/\"},{\"@type\":\"ListItem\",\"position\":2,\"name\":\"INRS\",\"item\":\"https:\\\/\\\/inrs.ca\\\/en\\\/inrs\\\/\"},{\"@type\":\"ListItem\",\"position\":3,\"name\":\"Pressroom\",\"item\":\"https:\\\/\\\/inrs.ca\\\/en\\\/inrs\\\/newsroom\\\/\"},{\"@type\":\"ListItem\",\"position\":4,\"name\":\"News\",\"item\":\"https:\\\/\\\/inrs.ca\\\/en\\\/inrs\\\/newsroom\\\/news\\\/\"},{\"@type\":\"ListItem\",\"position\":5,\"name\":\"INRS at the 91st Acfas Congress\"}]},{\"@type\":\"WebSite\",\"@id\":\"https:\\\/\\\/inrs.ca\\\/en\\\/#website\",\"url\":\"https:\\\/\\\/inrs.ca\\\/en\\\/\",\"name\":\"INRS\",\"description\":\"Institut national de la recherche scientifique\",\"potentialAction\":[{\"@type\":\"SearchAction\",\"target\":{\"@type\":\"EntryPoint\",\"urlTemplate\":\"https:\\\/\\\/inrs.ca\\\/en\\\/?s={search_term_string}\"},\"query-input\":{\"@type\":\"PropertyValueSpecification\",\"valueRequired\":true,\"valueName\":\"search_term_string\"}}],\"inLanguage\":\"en-CA\"},{\"@type\":\"Person\",\"@id\":\"https:\\\/\\\/inrs.ca\\\/en\\\/#\\\/schema\\\/person\\\/ae0496dd2bea38dcb98e98a3b0fb6c5f\",\"name\":\"Julie Robert\",\"image\":{\"@type\":\"ImageObject\",\"inLanguage\":\"en-CA\",\"@id\":\"https:\\\/\\\/secure.gravatar.com\\\/avatar\\\/622287236c18ae215e2c9aeda8fb759824e2c9c5d3a669891663aafe228092ff?s=96&d=mm&r=g\",\"url\":\"https:\\\/\\\/secure.gravatar.com\\\/avatar\\\/622287236c18ae215e2c9aeda8fb759824e2c9c5d3a669891663aafe228092ff?s=96&d=mm&r=g\",\"contentUrl\":\"https:\\\/\\\/secure.gravatar.com\\\/avatar\\\/622287236c18ae215e2c9aeda8fb759824e2c9c5d3a669891663aafe228092ff?s=96&d=mm&r=g\",\"caption\":\"Julie Robert\"}}]}<\/script>\n<!-- \/ Yoast SEO Premium plugin. -->","yoast_head_json":{"title":"INRS at the 91st Acfas Congress | INRS","description":"INRS community mobilized in support of French as a language of knowledge and science at the 91st Acfas Congress, May 13-17, 2024.","robots":{"index":"index","follow":"follow","max-snippet":"max-snippet:-1","max-image-preview":"max-image-preview:large","max-video-preview":"max-video-preview:-1"},"canonical":"https:\/\/inrs.ca\/en\/news\/inrs-at-the-91st-acfas-congress\/","og_locale":"en_US","og_type":"article","og_title":"INRS at the 91st Acfas Congress","og_description":"INRS community mobilized in support of French as a language of knowledge and science at the 91st Acfas Congress, May 13-17, 2024.","og_url":"https:\/\/inrs.ca\/en\/news\/inrs-at-the-91st-acfas-congress\/","og_site_name":"INRS","article_publisher":"https:\/\/www.facebook.com\/inrsciences\/","article_published_time":"2024-04-23T14:51:24+00:00","article_modified_time":"2026-07-16T10:50:08+00:00","og_image":[{"width":1920,"height":1080,"url":"https:\/\/inrs.ca\/wp-content\/uploads\/91eCongres_Illustrationlogo_horizontale.png","type":"image\/png"}],"author":"Julie Robert","twitter_card":"summary_large_image","twitter_creator":"@inrsciences","twitter_site":"@inrsciences","twitter_misc":{"Written by":"Julie Robert","Est. reading time":"8 minutes"},"schema":{"@context":"https:\/\/schema.org","@graph":[{"@type":"Article","@id":"https:\/\/inrs.ca\/en\/news\/inrs-at-the-91st-acfas-congress\/#article","isPartOf":{"@id":"https:\/\/inrs.ca\/en\/news\/inrs-at-the-91st-acfas-congress\/"},"author":{"name":"Julie Robert","@id":"https:\/\/inrs.ca\/en\/#\/schema\/person\/ae0496dd2bea38dcb98e98a3b0fb6c5f"},"headline":"INRS at the 91st Acfas Congress","datePublished":"2024-04-23T14:51:24+00:00","dateModified":"2026-07-16T10:50:08+00:00","mainEntityOfPage":{"@id":"https:\/\/inrs.ca\/en\/news\/inrs-at-the-91st-acfas-congress\/"},"wordCount":1580,"image":{"@id":"https:\/\/inrs.ca\/en\/news\/inrs-at-the-91st-acfas-congress\/#primaryimage"},"thumbnailUrl":"https:\/\/inrs.ca\/wp-content\/uploads\/91eCongres_Illustrationlogo_horizontale.png","articleSection":["Science and Society"],"inLanguage":"en-CA"},{"@type":"WebPage","@id":"https:\/\/inrs.ca\/en\/news\/inrs-at-the-91st-acfas-congress\/","url":"https:\/\/inrs.ca\/en\/news\/inrs-at-the-91st-acfas-congress\/","name":"INRS at the 91st Acfas Congress | INRS","isPartOf":{"@id":"https:\/\/inrs.ca\/en\/#website"},"primaryImageOfPage":{"@id":"https:\/\/inrs.ca\/en\/news\/inrs-at-the-91st-acfas-congress\/#primaryimage"},"image":{"@id":"https:\/\/inrs.ca\/en\/news\/inrs-at-the-91st-acfas-congress\/#primaryimage"},"thumbnailUrl":"https:\/\/inrs.ca\/wp-content\/uploads\/91eCongres_Illustrationlogo_horizontale.png","datePublished":"2024-04-23T14:51:24+00:00","dateModified":"2026-07-16T10:50:08+00:00","author":{"@id":"https:\/\/inrs.ca\/en\/#\/schema\/person\/ae0496dd2bea38dcb98e98a3b0fb6c5f"},"description":"INRS community mobilized in support of French as a language of knowledge and science at the 91st Acfas Congress, May 13-17, 2024.","breadcrumb":{"@id":"https:\/\/inrs.ca\/en\/news\/inrs-at-the-91st-acfas-congress\/#breadcrumb"},"inLanguage":"en-CA","potentialAction":[{"@type":"ReadAction","target":["https:\/\/inrs.ca\/en\/news\/inrs-at-the-91st-acfas-congress\/"]}]},{"@type":"ImageObject","inLanguage":"en-CA","@id":"https:\/\/inrs.ca\/en\/news\/inrs-at-the-91st-acfas-congress\/#primaryimage","url":"https:\/\/inrs.ca\/wp-content\/uploads\/91eCongres_Illustrationlogo_horizontale.png","contentUrl":"https:\/\/inrs.ca\/wp-content\/uploads\/91eCongres_Illustrationlogo_horizontale.png","width":1920,"height":1080},{"@type":"BreadcrumbList","@id":"https:\/\/inrs.ca\/en\/news\/inrs-at-the-91st-acfas-congress\/#breadcrumb","itemListElement":[{"@type":"ListItem","position":1,"name":"Accueil","item":"https:\/\/inrs.ca\/en\/"},{"@type":"ListItem","position":2,"name":"INRS","item":"https:\/\/inrs.ca\/en\/inrs\/"},{"@type":"ListItem","position":3,"name":"Pressroom","item":"https:\/\/inrs.ca\/en\/inrs\/newsroom\/"},{"@type":"ListItem","position":4,"name":"News","item":"https:\/\/inrs.ca\/en\/inrs\/newsroom\/news\/"},{"@type":"ListItem","position":5,"name":"INRS at the 91st Acfas Congress"}]},{"@type":"WebSite","@id":"https:\/\/inrs.ca\/en\/#website","url":"https:\/\/inrs.ca\/en\/","name":"INRS","description":"Institut national de la recherche scientifique","potentialAction":[{"@type":"SearchAction","target":{"@type":"EntryPoint","urlTemplate":"https:\/\/inrs.ca\/en\/?s={search_term_string}"},"query-input":{"@type":"PropertyValueSpecification","valueRequired":true,"valueName":"search_term_string"}}],"inLanguage":"en-CA"},{"@type":"Person","@id":"https:\/\/inrs.ca\/en\/#\/schema\/person\/ae0496dd2bea38dcb98e98a3b0fb6c5f","name":"Julie Robert","image":{"@type":"ImageObject","inLanguage":"en-CA","@id":"https:\/\/secure.gravatar.com\/avatar\/622287236c18ae215e2c9aeda8fb759824e2c9c5d3a669891663aafe228092ff?s=96&d=mm&r=g","url":"https:\/\/secure.gravatar.com\/avatar\/622287236c18ae215e2c9aeda8fb759824e2c9c5d3a669891663aafe228092ff?s=96&d=mm&r=g","contentUrl":"https:\/\/secure.gravatar.com\/avatar\/622287236c18ae215e2c9aeda8fb759824e2c9c5d3a669891663aafe228092ff?s=96&d=mm&r=g","caption":"Julie Robert"}}]}},"permalink_manager":null,"_links":{"self":[{"href":"https:\/\/inrs.ca\/en\/wp-json\/wp\/v2\/posts\/163233","targetHints":{"allow":["GET"]}}],"collection":[{"href":"https:\/\/inrs.ca\/en\/wp-json\/wp\/v2\/posts"}],"about":[{"href":"https:\/\/inrs.ca\/en\/wp-json\/wp\/v2\/types\/post"}],"author":[{"embeddable":true,"href":"https:\/\/inrs.ca\/en\/wp-json\/wp\/v2\/users\/401"}],"replies":[{"embeddable":true,"href":"https:\/\/inrs.ca\/en\/wp-json\/wp\/v2\/comments?post=163233"}],"version-history":[{"count":5,"href":"https:\/\/inrs.ca\/en\/wp-json\/wp\/v2\/posts\/163233\/revisions"}],"predecessor-version":[{"id":215119,"href":"https:\/\/inrs.ca\/en\/wp-json\/wp\/v2\/posts\/163233\/revisions\/215119"}],"wp:featuredmedia":[{"embeddable":true,"href":"https:\/\/inrs.ca\/en\/wp-json\/wp\/v2\/media\/163235"}],"wp:attachment":[{"href":"https:\/\/inrs.ca\/en\/wp-json\/wp\/v2\/media?parent=163233"}],"wp:term":[{"taxonomy":"category","embeddable":true,"href":"https:\/\/inrs.ca\/en\/wp-json\/wp\/v2\/categories?post=163233"},{"taxonomy":"post_tag","embeddable":true,"href":"https:\/\/inrs.ca\/en\/wp-json\/wp\/v2\/tags?post=163233"},{"taxonomy":"sectors","embeddable":true,"href":"https:\/\/inrs.ca\/en\/wp-json\/wp\/v2\/sectors?post=163233"}],"curies":[{"name":"wp","href":"https:\/\/api.w.org\/{rel}","templated":true}]}}