{"id":165940,"date":"2024-05-24T08:52:21","date_gmt":"2024-05-24T12:52:21","guid":{"rendered":"https:\/\/inrs.ca\/?p=165940"},"modified":"2024-05-24T08:52:22","modified_gmt":"2024-05-24T12:52:22","slug":"inrs-publications-socio-ecological-transition-collective-action-and-politics","status":"publish","type":"post","link":"https:\/\/inrs.ca\/en\/news\/inrs-publications-socio-ecological-transition-collective-action-and-politics\/","title":{"rendered":"INRS Publications: Socio-Ecological Transition, Collective Action, and Politics"},"content":{"rendered":"\n<p class=\"has-large-font-size wp-block-paragraph\"><strong>An INRS professor looks at citizen initiatives to address the climate crisis and their impact on society.<\/strong><\/p>\n\n\n    \n<div class=\"wp-block full-width-image fixed-height\">\n    <div class=\"image-ctn\">\n        <img decoding=\"async\" src=\"https:\/\/inrs.ca\/wp-content\/uploads\/ruelle-verte-mtl.png\" alt=\"\" \/>\n    <\/div>\n    <p>Ruelle verte \u00e0 Montr\u00e9al. Photo : INRS<\/p>\n<\/div>\n\n\n<div style=\"height:20px\" aria-hidden=\"true\" class=\"wp-block-spacer\"><\/div>\n\n\n\n<p class=\"has-drop-cap wp-block-paragraph\">Professor <a href=\"https:\/\/inrs.ca\/en\/research\/professors\/sophie-l-van-neste\/\">Sophie L. Van Neste<\/a>, a specialist in political action, climate, and inequality, has just published <a href=\"https:\/\/pum.umontreal.ca\/catalogue\/transitions_socioecologiques_et_milieux_de_vie\" target=\"_blank\" rel=\"noreferrer noopener\"><em>Transitions socio\u00e9cologiques et milieux de vie<\/em><\/a> with the <a href=\"https:\/\/pum.umontreal.ca\/\" target=\"_blank\" rel=\"noreferrer noopener\">Presses de l\u2019Universit\u00e9 de Montr\u00e9al<\/a> (PUM). The researcher based at the Urbanisation Culture Soci\u00e9t\u00e9 Research Centre also holds the <a href=\"https:\/\/actionclimatiqueurbaine.ca\/en\/chaire-de-recherche-du-canada-en-action-climatique-urbaine\/\" target=\"_blank\" rel=\"noreferrer noopener\">Canada Research Chair in Urban Climate Action.<\/a><\/p>\n\n\n\n<p class=\"wp-block-paragraph\">Professor Van Neste co-edited this new reference book alongside professors Patrice&nbsp;Mel\u00e9 of the <a href=\"https:\/\/international.univ-tours.fr\/\" target=\"_blank\" rel=\"noreferrer noopener\">University of Tours<\/a> and Corinne&nbsp;Larrue of the <a href=\"https:\/\/www.en.u-pec.fr\/\" target=\"_blank\" rel=\"noreferrer noopener\">Universit\u00e9 Paris-Est Cr\u00e9teil<\/a>.<\/p>\n\n\n\n<div style=\"height:20px\" aria-hidden=\"true\" class=\"wp-block-spacer\"><\/div>\n\n\n\n<h2 class=\"wp-block-heading\" id=\"h-studying-everyday-efforts-towards-the-socio-ecological-transition\">Studying everyday efforts towards the socio-ecological transition<\/h2>\n\n\n\n<p class=\"wp-block-paragraph\">Against the backdrop of a global climate crisis, the book explores the connection between citizen efforts to address environmental issues and their impact on current policies.<\/p>\n\n\n\n<p class=\"wp-block-paragraph\">Through its eight chapters, this new publication analyzes citizen initiatives in line with the social-ecological transition, such as eco-neighbourhoods, greening projects, and alternative housing communities.<\/p>\n\n\n\n<div style=\"height:18px\" aria-hidden=\"true\" class=\"wp-block-spacer\"><\/div>\n\n\n\n<figure class=\"wp-block-image alignright size-full is-resized is-style-rounded\"><img loading=\"lazy\" decoding=\"async\" width=\"640\" height=\"640\" src=\"https:\/\/inrs.ca\/wp-content\/uploads\/Sophie-Van-Neste-professeure-en-Environnement-climat-action-politique-inrs-H-Web-edited.jpg\" alt=\"La professeure Sophie L. Van Neste de l'INRS\" class=\"wp-image-165956\" style=\"width:280px\" srcset=\"https:\/\/inrs.ca\/wp-content\/uploads\/Sophie-Van-Neste-professeure-en-Environnement-climat-action-politique-inrs-H-Web-edited.jpg 640w, https:\/\/inrs.ca\/wp-content\/uploads\/Sophie-Van-Neste-professeure-en-Environnement-climat-action-politique-inrs-H-Web-edited-300x300.jpg 300w, https:\/\/inrs.ca\/wp-content\/uploads\/Sophie-Van-Neste-professeure-en-Environnement-climat-action-politique-inrs-H-Web-edited-150x150.jpg 150w\" sizes=\"auto, (max-width: 640px) 100vw, 640px\" \/><\/figure>\n\n\n\n<blockquote class=\"wp-block-quote is-layout-flow wp-block-quote-is-layout-flow\">\n<p class=\"wp-block-paragraph\">\u201cA number of citizen initiatives are seeking to adjust living environments in response to the climate crisis. These efforts to transform everyday life represent varying levels of politicization and changes to the way people approach public action. That\u2019s what we wanted to explore in this collective work.\u201d<\/p>\n<cite><strong>Sophie L. Van Neste<\/strong>, INRS professor<\/cite><\/blockquote>\n\n\n\n<div style=\"height:20px\" aria-hidden=\"true\" class=\"wp-block-spacer\"><\/div>\n\n\n\n<p class=\"wp-block-paragraph\">Some fifteen researchers, sociologists, urban planners, geographers, and anthropologists from the French-speaking world have pooled their expertise to further the discussion.<\/p>\n\n\n\n<p class=\"wp-block-paragraph\">Thanks to its multidisciplinary approach, <em>Transitions socio\u00e9cologiques et milieux de vie<\/em> will be of interest to researchers, activists, and field workers alike.<\/p>\n\n\n\n<div style=\"height:20px\" aria-hidden=\"true\" class=\"wp-block-spacer\"><\/div>\n\n\n\n<h2 class=\"wp-block-heading\" id=\"h-about-the-book\">About the book\u202f\u00a0<\/h2>\n\n\n\n<figure class=\"wp-block-image alignright size-large is-resized\"><img loading=\"lazy\" decoding=\"async\" width=\"680\" height=\"1024\" src=\"https:\/\/inrs.ca\/wp-content\/uploads\/Transitions-socioecologiques-et-milieu-de-vie-680x1024.jpg\" alt=\"ouvrage Transitions socio\u00e9cologiques et milieux de vie\" class=\"wp-image-165958\" style=\"width:325px;height:auto\" title=\"Ouvrage Transitions socio\u00e9cologiques et milieux de vie\" srcset=\"https:\/\/inrs.ca\/wp-content\/uploads\/Transitions-socioecologiques-et-milieu-de-vie-680x1024.jpg 680w, https:\/\/inrs.ca\/wp-content\/uploads\/Transitions-socioecologiques-et-milieu-de-vie-199x300.jpg 199w, https:\/\/inrs.ca\/wp-content\/uploads\/Transitions-socioecologiques-et-milieu-de-vie-768x1156.jpg 768w, https:\/\/inrs.ca\/wp-content\/uploads\/Transitions-socioecologiques-et-milieu-de-vie-1021x1536.jpg 1021w, https:\/\/inrs.ca\/wp-content\/uploads\/Transitions-socioecologiques-et-milieu-de-vie.jpg 1202w\" sizes=\"auto, (max-width: 680px) 100vw, 680px\" \/><\/figure>\n\n\n\n<p class=\"wp-block-paragraph\"><em>Transitions socio\u00e9cologiques et milieux de vie<\/em> was published by the Presses de l\u2019Universit\u00e9 de Montr\u00e9al in May&nbsp;2024.<\/p>\n\n\n\n<p class=\"wp-block-paragraph\">This new publication is the latest addition to the <a href=\"https:\/\/pum.umontreal.ca\/collections\/\">Action politique<\/a> [political action] collection, which brings together interdisciplinary works that analyze alternative imaginaries, social movements, and protest politics.<\/p>\n\n\n\n<p class=\"wp-block-paragraph\">The book is also available as part of PUM\u2019s <a href=\"https:\/\/pum.umontreal.ca\/collections\/libre-acces\/\">Libre acc\u00e8s<\/a> [open access] collection, so it can be downloaded in digital format free of charge.<\/p>\n\n\n\n<p class=\"wp-block-paragraph\">The content was produced by the three co-editors, Corinne Larrue (Universit\u00e9 Paris-Est Cr\u00e9teil), Patrice Mel\u00e9 (University of Tours), and Sophie L. Van Neste (INRS), and by Ren\u00e9 Audet (UQAM), R\u00e9mi Barbier (National School for Water and Environmental Engineering of Strasbourg), Victor Bailly, Laurence Bherer (Universit\u00e9 de Montr\u00e9al), Claudia Cirelli (University of Tours), Genevi\u00e8ve Cloutier (Universit\u00e9 Laval), Fran\u00e7ois-Joseph Daniel (National School for Water and Environmental Engineering of Strasbourg), R\u00e9mi Eli\u00e7abe (Groupe Recherche Action), Amandine Guilbert (Groupe Recherche Action), Yannis Lemery (Groupe Recherche Action), Antoine Fontaine (CNRS), Kregg Hetherington (Concordia University), and \u00c9lie Jalbert (Concordia University).<\/p>\n\n\n\n<div style=\"height:40px\" aria-hidden=\"true\" class=\"wp-block-spacer\"><\/div>\n","protected":false},"excerpt":{"rendered":"<p>INRS professor Sophie L. Van Neste has just published the book Transitions socio\u00e9cologiques et milieux de vie with the Presses de l\u2019Universit\u00e9 de Montr\u00e9al.<\/p>\n","protected":false},"author":430,"featured_media":165967,"comment_status":"closed","ping_status":"closed","sticky":false,"template":"","format":"standard","meta":{"_acf_changed":false,"_monsterinsights_skip_tracking":false,"_monsterinsights_sitenote_active":false,"_monsterinsights_sitenote_note":"","_monsterinsights_sitenote_category":0,"footnotes":""},"categories":[1645],"tags":[],"sectors":[729,732],"class_list":["post-165940","post","type-post","status-publish","format-standard","has-post-thumbnail","hentry","category-inrs-publications","sectors-environnement-en","sectors-societe-en"],"acf":[],"yoast_head":"<!-- This site is optimized with the Yoast SEO Premium plugin v26.1 (Yoast SEO v28.3) - https:\/\/yoast.com\/product\/yoast-seo-premium-wordpress\/ -->\n<title>INRS Publications: Socio-Ecological Transition, Collective Action, and Politics | INRS Actualit\u00e9s<\/title>\n<meta name=\"description\" content=\"INRS professor Sophie L. Van Neste has just published the book Transitions socio\u00e9cologiques et milieux de vie with the Presses de l\u2019Universit\u00e9 de Montr\u00e9al.\" \/>\n<meta name=\"robots\" content=\"index, follow, max-snippet:-1, max-image-preview:large, max-video-preview:-1\" \/>\n<link rel=\"canonical\" href=\"https:\/\/inrs.ca\/en\/news\/inrs-publications-socio-ecological-transition-collective-action-and-politics\/\" \/>\n<meta property=\"og:locale\" content=\"en_US\" \/>\n<meta property=\"og:type\" content=\"article\" \/>\n<meta property=\"og:title\" content=\"INRS Publications: Socio-Ecological Transition, Collective Action, and Politics\" \/>\n<meta property=\"og:description\" content=\"INRS professor Sophie L. Van Neste has just published the book Transitions socio\u00e9cologiques et milieux de vie with the Presses de l\u2019Universit\u00e9 de Montr\u00e9al.\" \/>\n<meta property=\"og:url\" content=\"https:\/\/inrs.ca\/en\/news\/inrs-publications-socio-ecological-transition-collective-action-and-politics\/\" \/>\n<meta property=\"og:site_name\" content=\"INRS\" \/>\n<meta property=\"article:publisher\" content=\"https:\/\/www.facebook.com\/inrsciences\/\" \/>\n<meta property=\"article:published_time\" content=\"2024-05-24T12:52:21+00:00\" \/>\n<meta property=\"article:modified_time\" content=\"2024-05-24T12:52:22+00:00\" \/>\n<meta property=\"og:image\" content=\"https:\/\/inrs.ca\/wp-content\/uploads\/ruelle-verte-mtl.png\" \/>\n\t<meta property=\"og:image:width\" content=\"1200\" \/>\n\t<meta property=\"og:image:height\" content=\"628\" \/>\n\t<meta property=\"og:image:type\" content=\"image\/png\" \/>\n<meta name=\"author\" content=\"Alexandra Madoyan Trautmann\" \/>\n<meta name=\"twitter:card\" content=\"summary_large_image\" \/>\n<meta name=\"twitter:creator\" content=\"@inrsciences\" \/>\n<meta name=\"twitter:site\" content=\"@inrsciences\" \/>\n<meta name=\"twitter:label1\" content=\"Written by\" \/>\n\t<meta name=\"twitter:data1\" content=\"Alexandra Madoyan Trautmann\" \/>\n\t<meta name=\"twitter:label2\" content=\"Est. reading time\" \/>\n\t<meta name=\"twitter:data2\" content=\"3 minutes\" \/>\n<script type=\"application\/ld+json\" class=\"yoast-schema-graph\">{\"@context\":\"https:\\\/\\\/schema.org\",\"@graph\":[{\"@type\":\"Article\",\"@id\":\"https:\\\/\\\/inrs.ca\\\/en\\\/news\\\/inrs-publications-socio-ecological-transition-collective-action-and-politics\\\/#article\",\"isPartOf\":{\"@id\":\"https:\\\/\\\/inrs.ca\\\/en\\\/news\\\/inrs-publications-socio-ecological-transition-collective-action-and-politics\\\/\"},\"author\":{\"name\":\"Alexandra Madoyan Trautmann\",\"@id\":\"https:\\\/\\\/inrs.ca\\\/en\\\/#\\\/schema\\\/person\\\/96b01ca23f0923ab4cdcd7fff7cd56f6\"},\"headline\":\"INRS Publications: Socio-Ecological Transition, Collective Action, and Politics\",\"datePublished\":\"2024-05-24T12:52:21+00:00\",\"dateModified\":\"2024-05-24T12:52:22+00:00\",\"mainEntityOfPage\":{\"@id\":\"https:\\\/\\\/inrs.ca\\\/en\\\/news\\\/inrs-publications-socio-ecological-transition-collective-action-and-politics\\\/\"},\"wordCount\":443,\"image\":{\"@id\":\"https:\\\/\\\/inrs.ca\\\/en\\\/news\\\/inrs-publications-socio-ecological-transition-collective-action-and-politics\\\/#primaryimage\"},\"thumbnailUrl\":\"https:\\\/\\\/inrs.ca\\\/wp-content\\\/uploads\\\/ruelle-verte-mtl.png\",\"articleSection\":[\"INRS Publications\"],\"inLanguage\":\"en-CA\"},{\"@type\":\"WebPage\",\"@id\":\"https:\\\/\\\/inrs.ca\\\/en\\\/news\\\/inrs-publications-socio-ecological-transition-collective-action-and-politics\\\/\",\"url\":\"https:\\\/\\\/inrs.ca\\\/en\\\/news\\\/inrs-publications-socio-ecological-transition-collective-action-and-politics\\\/\",\"name\":\"INRS Publications: Socio-Ecological Transition, Collective Action, and Politics | INRS Actualit\u00e9s\",\"isPartOf\":{\"@id\":\"https:\\\/\\\/inrs.ca\\\/en\\\/#website\"},\"primaryImageOfPage\":{\"@id\":\"https:\\\/\\\/inrs.ca\\\/en\\\/news\\\/inrs-publications-socio-ecological-transition-collective-action-and-politics\\\/#primaryimage\"},\"image\":{\"@id\":\"https:\\\/\\\/inrs.ca\\\/en\\\/news\\\/inrs-publications-socio-ecological-transition-collective-action-and-politics\\\/#primaryimage\"},\"thumbnailUrl\":\"https:\\\/\\\/inrs.ca\\\/wp-content\\\/uploads\\\/ruelle-verte-mtl.png\",\"datePublished\":\"2024-05-24T12:52:21+00:00\",\"dateModified\":\"2024-05-24T12:52:22+00:00\",\"author\":{\"@id\":\"https:\\\/\\\/inrs.ca\\\/en\\\/#\\\/schema\\\/person\\\/96b01ca23f0923ab4cdcd7fff7cd56f6\"},\"description\":\"INRS professor Sophie L. Van Neste has just published the book Transitions socio\u00e9cologiques et milieux de vie with the Presses de l\u2019Universit\u00e9 de Montr\u00e9al.\",\"breadcrumb\":{\"@id\":\"https:\\\/\\\/inrs.ca\\\/en\\\/news\\\/inrs-publications-socio-ecological-transition-collective-action-and-politics\\\/#breadcrumb\"},\"inLanguage\":\"en-CA\",\"potentialAction\":[{\"@type\":\"ReadAction\",\"target\":[\"https:\\\/\\\/inrs.ca\\\/en\\\/news\\\/inrs-publications-socio-ecological-transition-collective-action-and-politics\\\/\"]}]},{\"@type\":\"ImageObject\",\"inLanguage\":\"en-CA\",\"@id\":\"https:\\\/\\\/inrs.ca\\\/en\\\/news\\\/inrs-publications-socio-ecological-transition-collective-action-and-politics\\\/#primaryimage\",\"url\":\"https:\\\/\\\/inrs.ca\\\/wp-content\\\/uploads\\\/ruelle-verte-mtl.png\",\"contentUrl\":\"https:\\\/\\\/inrs.ca\\\/wp-content\\\/uploads\\\/ruelle-verte-mtl.png\",\"width\":1200,\"height\":628},{\"@type\":\"BreadcrumbList\",\"@id\":\"https:\\\/\\\/inrs.ca\\\/en\\\/news\\\/inrs-publications-socio-ecological-transition-collective-action-and-politics\\\/#breadcrumb\",\"itemListElement\":[{\"@type\":\"ListItem\",\"position\":1,\"name\":\"Accueil\",\"item\":\"https:\\\/\\\/inrs.ca\\\/en\\\/\"},{\"@type\":\"ListItem\",\"position\":2,\"name\":\"L&rsquo;INRS\",\"item\":\"https:\\\/\\\/inrs.ca\\\/en\\\/linrs\\\/\"},{\"@type\":\"ListItem\",\"position\":3,\"name\":\"Nouvelles\",\"item\":\"https:\\\/\\\/inrs.ca\\\/en\\\/linrs\\\/nouvelles\\\/\"},{\"@type\":\"ListItem\",\"position\":4,\"name\":\"Actualit\u00e9s\",\"item\":\"https:\\\/\\\/inrs.ca\\\/en\\\/linrs\\\/salle-de-nouvelles\\\/actualites\\\/\"},{\"@type\":\"ListItem\",\"position\":5,\"name\":\"INRS Publications: Socio-Ecological Transition, Collective Action, and Politics\"}]},{\"@type\":\"WebSite\",\"@id\":\"https:\\\/\\\/inrs.ca\\\/en\\\/#website\",\"url\":\"https:\\\/\\\/inrs.ca\\\/en\\\/\",\"name\":\"INRS\",\"description\":\"Institut national de la recherche scientifique\",\"potentialAction\":[{\"@type\":\"SearchAction\",\"target\":{\"@type\":\"EntryPoint\",\"urlTemplate\":\"https:\\\/\\\/inrs.ca\\\/en\\\/?s={search_term_string}\"},\"query-input\":{\"@type\":\"PropertyValueSpecification\",\"valueRequired\":true,\"valueName\":\"search_term_string\"}}],\"inLanguage\":\"en-CA\"},{\"@type\":\"Person\",\"@id\":\"https:\\\/\\\/inrs.ca\\\/en\\\/#\\\/schema\\\/person\\\/96b01ca23f0923ab4cdcd7fff7cd56f6\",\"name\":\"Alexandra Madoyan Trautmann\",\"image\":{\"@type\":\"ImageObject\",\"inLanguage\":\"en-CA\",\"@id\":\"https:\\\/\\\/secure.gravatar.com\\\/avatar\\\/0b690aa5990dab38ffa573070321b63c5ba6a2871115d7648e5ba6e372e73bb6?s=96&d=mm&r=g\",\"url\":\"https:\\\/\\\/secure.gravatar.com\\\/avatar\\\/0b690aa5990dab38ffa573070321b63c5ba6a2871115d7648e5ba6e372e73bb6?s=96&d=mm&r=g\",\"contentUrl\":\"https:\\\/\\\/secure.gravatar.com\\\/avatar\\\/0b690aa5990dab38ffa573070321b63c5ba6a2871115d7648e5ba6e372e73bb6?s=96&d=mm&r=g\",\"caption\":\"Alexandra Madoyan Trautmann\"}}]}<\/script>\n<!-- \/ Yoast SEO Premium plugin. -->","yoast_head_json":{"title":"INRS Publications: Socio-Ecological Transition, Collective Action, and Politics | INRS Actualit\u00e9s","description":"INRS professor Sophie L. Van Neste has just published the book Transitions socio\u00e9cologiques et milieux de vie with the Presses de l\u2019Universit\u00e9 de Montr\u00e9al.","robots":{"index":"index","follow":"follow","max-snippet":"max-snippet:-1","max-image-preview":"max-image-preview:large","max-video-preview":"max-video-preview:-1"},"canonical":"https:\/\/inrs.ca\/en\/news\/inrs-publications-socio-ecological-transition-collective-action-and-politics\/","og_locale":"en_US","og_type":"article","og_title":"INRS Publications: Socio-Ecological Transition, Collective Action, and Politics","og_description":"INRS professor Sophie L. Van Neste has just published the book Transitions socio\u00e9cologiques et milieux de vie with the Presses de l\u2019Universit\u00e9 de Montr\u00e9al.","og_url":"https:\/\/inrs.ca\/en\/news\/inrs-publications-socio-ecological-transition-collective-action-and-politics\/","og_site_name":"INRS","article_publisher":"https:\/\/www.facebook.com\/inrsciences\/","article_published_time":"2024-05-24T12:52:21+00:00","article_modified_time":"2024-05-24T12:52:22+00:00","og_image":[{"width":1200,"height":628,"url":"https:\/\/inrs.ca\/wp-content\/uploads\/ruelle-verte-mtl.png","type":"image\/png"}],"author":"Alexandra Madoyan Trautmann","twitter_card":"summary_large_image","twitter_creator":"@inrsciences","twitter_site":"@inrsciences","twitter_misc":{"Written by":"Alexandra Madoyan Trautmann","Est. reading time":"3 minutes"},"schema":{"@context":"https:\/\/schema.org","@graph":[{"@type":"Article","@id":"https:\/\/inrs.ca\/en\/news\/inrs-publications-socio-ecological-transition-collective-action-and-politics\/#article","isPartOf":{"@id":"https:\/\/inrs.ca\/en\/news\/inrs-publications-socio-ecological-transition-collective-action-and-politics\/"},"author":{"name":"Alexandra Madoyan Trautmann","@id":"https:\/\/inrs.ca\/en\/#\/schema\/person\/96b01ca23f0923ab4cdcd7fff7cd56f6"},"headline":"INRS Publications: Socio-Ecological Transition, Collective Action, and Politics","datePublished":"2024-05-24T12:52:21+00:00","dateModified":"2024-05-24T12:52:22+00:00","mainEntityOfPage":{"@id":"https:\/\/inrs.ca\/en\/news\/inrs-publications-socio-ecological-transition-collective-action-and-politics\/"},"wordCount":443,"image":{"@id":"https:\/\/inrs.ca\/en\/news\/inrs-publications-socio-ecological-transition-collective-action-and-politics\/#primaryimage"},"thumbnailUrl":"https:\/\/inrs.ca\/wp-content\/uploads\/ruelle-verte-mtl.png","articleSection":["INRS Publications"],"inLanguage":"en-CA"},{"@type":"WebPage","@id":"https:\/\/inrs.ca\/en\/news\/inrs-publications-socio-ecological-transition-collective-action-and-politics\/","url":"https:\/\/inrs.ca\/en\/news\/inrs-publications-socio-ecological-transition-collective-action-and-politics\/","name":"INRS Publications: Socio-Ecological Transition, Collective Action, and Politics | INRS Actualit\u00e9s","isPartOf":{"@id":"https:\/\/inrs.ca\/en\/#website"},"primaryImageOfPage":{"@id":"https:\/\/inrs.ca\/en\/news\/inrs-publications-socio-ecological-transition-collective-action-and-politics\/#primaryimage"},"image":{"@id":"https:\/\/inrs.ca\/en\/news\/inrs-publications-socio-ecological-transition-collective-action-and-politics\/#primaryimage"},"thumbnailUrl":"https:\/\/inrs.ca\/wp-content\/uploads\/ruelle-verte-mtl.png","datePublished":"2024-05-24T12:52:21+00:00","dateModified":"2024-05-24T12:52:22+00:00","author":{"@id":"https:\/\/inrs.ca\/en\/#\/schema\/person\/96b01ca23f0923ab4cdcd7fff7cd56f6"},"description":"INRS professor Sophie L. Van Neste has just published the book Transitions socio\u00e9cologiques et milieux de vie with the Presses de l\u2019Universit\u00e9 de Montr\u00e9al.","breadcrumb":{"@id":"https:\/\/inrs.ca\/en\/news\/inrs-publications-socio-ecological-transition-collective-action-and-politics\/#breadcrumb"},"inLanguage":"en-CA","potentialAction":[{"@type":"ReadAction","target":["https:\/\/inrs.ca\/en\/news\/inrs-publications-socio-ecological-transition-collective-action-and-politics\/"]}]},{"@type":"ImageObject","inLanguage":"en-CA","@id":"https:\/\/inrs.ca\/en\/news\/inrs-publications-socio-ecological-transition-collective-action-and-politics\/#primaryimage","url":"https:\/\/inrs.ca\/wp-content\/uploads\/ruelle-verte-mtl.png","contentUrl":"https:\/\/inrs.ca\/wp-content\/uploads\/ruelle-verte-mtl.png","width":1200,"height":628},{"@type":"BreadcrumbList","@id":"https:\/\/inrs.ca\/en\/news\/inrs-publications-socio-ecological-transition-collective-action-and-politics\/#breadcrumb","itemListElement":[{"@type":"ListItem","position":1,"name":"Accueil","item":"https:\/\/inrs.ca\/en\/"},{"@type":"ListItem","position":2,"name":"L&rsquo;INRS","item":"https:\/\/inrs.ca\/en\/linrs\/"},{"@type":"ListItem","position":3,"name":"Nouvelles","item":"https:\/\/inrs.ca\/en\/linrs\/nouvelles\/"},{"@type":"ListItem","position":4,"name":"Actualit\u00e9s","item":"https:\/\/inrs.ca\/en\/linrs\/salle-de-nouvelles\/actualites\/"},{"@type":"ListItem","position":5,"name":"INRS Publications: Socio-Ecological Transition, Collective Action, and Politics"}]},{"@type":"WebSite","@id":"https:\/\/inrs.ca\/en\/#website","url":"https:\/\/inrs.ca\/en\/","name":"INRS","description":"Institut national de la recherche scientifique","potentialAction":[{"@type":"SearchAction","target":{"@type":"EntryPoint","urlTemplate":"https:\/\/inrs.ca\/en\/?s={search_term_string}"},"query-input":{"@type":"PropertyValueSpecification","valueRequired":true,"valueName":"search_term_string"}}],"inLanguage":"en-CA"},{"@type":"Person","@id":"https:\/\/inrs.ca\/en\/#\/schema\/person\/96b01ca23f0923ab4cdcd7fff7cd56f6","name":"Alexandra Madoyan Trautmann","image":{"@type":"ImageObject","inLanguage":"en-CA","@id":"https:\/\/secure.gravatar.com\/avatar\/0b690aa5990dab38ffa573070321b63c5ba6a2871115d7648e5ba6e372e73bb6?s=96&d=mm&r=g","url":"https:\/\/secure.gravatar.com\/avatar\/0b690aa5990dab38ffa573070321b63c5ba6a2871115d7648e5ba6e372e73bb6?s=96&d=mm&r=g","contentUrl":"https:\/\/secure.gravatar.com\/avatar\/0b690aa5990dab38ffa573070321b63c5ba6a2871115d7648e5ba6e372e73bb6?s=96&d=mm&r=g","caption":"Alexandra Madoyan Trautmann"}}]}},"permalink_manager":null,"_links":{"self":[{"href":"https:\/\/inrs.ca\/en\/wp-json\/wp\/v2\/posts\/165940","targetHints":{"allow":["GET"]}}],"collection":[{"href":"https:\/\/inrs.ca\/en\/wp-json\/wp\/v2\/posts"}],"about":[{"href":"https:\/\/inrs.ca\/en\/wp-json\/wp\/v2\/types\/post"}],"author":[{"embeddable":true,"href":"https:\/\/inrs.ca\/en\/wp-json\/wp\/v2\/users\/430"}],"replies":[{"embeddable":true,"href":"https:\/\/inrs.ca\/en\/wp-json\/wp\/v2\/comments?post=165940"}],"version-history":[{"count":2,"href":"https:\/\/inrs.ca\/en\/wp-json\/wp\/v2\/posts\/165940\/revisions"}],"predecessor-version":[{"id":165972,"href":"https:\/\/inrs.ca\/en\/wp-json\/wp\/v2\/posts\/165940\/revisions\/165972"}],"wp:featuredmedia":[{"embeddable":true,"href":"https:\/\/inrs.ca\/en\/wp-json\/wp\/v2\/media\/165967"}],"wp:attachment":[{"href":"https:\/\/inrs.ca\/en\/wp-json\/wp\/v2\/media?parent=165940"}],"wp:term":[{"taxonomy":"category","embeddable":true,"href":"https:\/\/inrs.ca\/en\/wp-json\/wp\/v2\/categories?post=165940"},{"taxonomy":"post_tag","embeddable":true,"href":"https:\/\/inrs.ca\/en\/wp-json\/wp\/v2\/tags?post=165940"},{"taxonomy":"sectors","embeddable":true,"href":"https:\/\/inrs.ca\/en\/wp-json\/wp\/v2\/sectors?post=165940"}],"curies":[{"name":"wp","href":"https:\/\/api.w.org\/{rel}","templated":true}]}}