{"id":194335,"date":"2025-05-27T12:00:37","date_gmt":"2025-05-27T16:00:37","guid":{"rendered":"https:\/\/inrs.ca\/?p=194335"},"modified":"2025-09-09T11:57:28","modified_gmt":"2025-09-09T15:57:28","slug":"a-promising-first-cultural-forum-on-ai-in-the-francophonie","status":"publish","type":"post","link":"https:\/\/inrs.ca\/en\/news\/a-promising-first-cultural-forum-on-ai-in-the-francophonie\/","title":{"rendered":"A Promising First Cultural Forum on AI in the Francophonie\u00a0"},"content":{"rendered":"\n<p class=\"has-large-font-size wp-block-paragraph\"><strong>INRS and UQAM at the forefront of key issues in artificial intelligence in culture<\/strong>. <\/p>\n\n\n    \n<div class=\"wp-block full-width-image \">\n    <div class=\"image-ctn\">\n        <img decoding=\"async\" src=\"https:\/\/inrs.ca\/wp-content\/uploads\/chaire-ianf.jpg\" alt=\"\" \/>\n    <\/div>\n    <p>From left to right: Nathalie Roy, Director of Concerted Actions (FRQ), Isabelle Delisle, Scientific Director (INRS), Professor Jonathan Roberge (INRS), Professor Destiny Tchehouali (UQAM), Catalina Brice\u00f1o, Director of the School of Media (UQAM), Marie-Soleil Cloutier, Director of the Centre Urbanisation Culture Soci\u00e9t\u00e9 (INRS), and Sylvain P\u00e9rigny, Assistant Deputy Minister for University Affairs, Research, International Relations and Digital Technology (MES). Photo credit: V\u00e9ronique Munger<\/p>\n<\/div>\n\n\n<p class=\"wp-block-paragraph\">The first-ever <a href=\"https:\/\/culturia.net\/\" target=\"_blank\" rel=\"noreferrer noopener\"><em>Cultur\u2019IA<\/em><\/a>, a cultural forum on artificial intelligence (AI) in the Francophonie organized by the team behind the <a href=\"https:\/\/chaireianf.ca\/\" target=\"_blank\" rel=\"noreferrer noopener\">Qu\u00e9bec Research Chair on Francophone Artificial Intelligence and Digital Technology (IANF Chair)<\/a>, was a resounding success. The event, held as a prelude to the 5th Conference of Francophone Ministers of Culture, brought together nearly 80 participants to explore critical issues such as digital sovereignty, content discoverability, and the promotion of Francophone cultural content.&nbsp;<\/p>\n\n\n\n<p class=\"wp-block-paragraph\">The co-holders of the IANF Chair, <a href=\"https:\/\/inrs.ca\/en\/la-recherche\/professeurs\/jonathan-roberge\/\" target=\"_blank\" rel=\"noreferrer noopener\">Jonathan Roberge<\/a> and <a href=\"https:\/\/professeurs.uqam.ca\/professeur\/tchehouali.destiny\/\" target=\"_blank\" rel=\"noreferrer noopener\">Destiny Tchehouali<\/a>\u2014professors at the Institut national de la recherche scientifique (INRS) and the<a href=\"https:\/\/uqam.ca\/en\/information\/about\/\" target=\"_blank\" rel=\"noreferrer noopener\"> Universit\u00e9 du Qu\u00e9bec \u00e0 Montr\u00e9al (UQAM)<\/a>, respectively\u2014opened the event with a call for collaboration among cultural, political, and civil society stakeholders.&nbsp;<\/p>\n\n\n\n<blockquote class=\"wp-block-quote is-layout-flow wp-block-quote-is-layout-flow\">\n<p class=\"wp-block-paragraph\">\u201cArtificial intelligence is not merely a technological issue. It has cultural, social, and political dimensions. Through the lens of research, Cultur\u2019IA aims to lay the groundwork for a necessary Francophone dialogue to collectively envision AI that serves diversity and cultural sovereignty.\u201d&nbsp;<\/p>\n<cite><strong>Jonathan Roberge<\/strong>, Professor at INRS, Expert in Digital Culture&nbsp;<\/cite><\/blockquote>\n\n\n\n    \n    <div class=\"content-slider-ctn\">\n        <!-- Slider main container -->\n        <div class=\"swiper-container\">\n            <!-- Additional required wrapper -->\n            <div class=\"swiper-wrapper\">\n\n                <!-- Slides -->\n                                    <div class=\"swiper-slide slide-img\">\n                        <img decoding=\"async\" src=\"https:\/\/inrs.ca\/wp-content\/uploads\/Cultur_IA-56-1200x780.jpg\" alt=\"\">\n                                                    <div class=\"legend \">\n                                <p>Photo credit: V\u00e9ronique Munger<\/p>\n                            <\/div>\n                                            <\/div>   \n                                    <div class=\"swiper-slide slide-img\">\n                        <img decoding=\"async\" src=\"https:\/\/inrs.ca\/wp-content\/uploads\/Cultur_IA-58-1200x780.jpg\" alt=\"\">\n                                            <\/div>   \n                                    <div class=\"swiper-slide slide-img\">\n                        <img decoding=\"async\" src=\"https:\/\/inrs.ca\/wp-content\/uploads\/Cultur_IA-53-1200x780.jpg\" alt=\"\">\n                                            <\/div>   \n                            <\/div>\n            <div class=\"navigation-ctn\">\n                <div class=\"swiper-button-prev\"><\/div>\n                <div class=\"swiper-button-next\"><\/div>\n            <\/div>\n        <\/div>\n    <\/div>\n\n\n\n<blockquote class=\"wp-block-quote is-layout-flow wp-block-quote-is-layout-flow\">\n<p class=\"wp-block-paragraph\">\u201cThese Assises provided an opportunity to share our perspectives, approaches, methods, and outlooks in order to explore various ways of responding to the risks and challenges that the development of AI raises in relation to the balance of our cultural models and Francophone creative ecosystems.\u201d <\/p>\n<cite><strong>Destiny Tchehouali<\/strong>, UQAM professor Tchehouali, expert in discoverability and in the governance of digital technologies and AI for the Organisation internationale de la Francophonie (OIF) and UNESCO.<\/cite><\/blockquote>\n\n\n\n<p class=\"wp-block-paragraph\">\u201cAs researchers, we cannot afford to remain mere spectators, fascinated by the unprecedented opportunities that AI systems offer for our cultural expressions. Instead, we should reflect on the digital challenges of today and tomorrow that will have a lasting impact on the future of our cultures and languages in Quebec and throughout the Francophonie,\u201d adds UQAM professor Destiny Tchehouali.<\/p>\n\n\n\n<p class=\"wp-block-paragraph\">The event was inaugurated in the presence of Ms. Anne-Marie Jean, Delegate for Francophone and Multilateral Affairs at the Qu\u00e9bec Government Office in Paris (Minist\u00e8re des Relations internationales et de La Francophonie), Mr. S\u00e9bastien Cloutier, Director General of Policy, Digital, Communications, and International Affairs at Qu\u00e9bec\u2019s Minist\u00e8re de la Culture et des Communications, and Mr. Henri Monceau, OIF Representative to the United Nations in Geneva and Vienna, and Lead on Digital and AI\u202fGovernance.&nbsp;<\/p>\n\n\n\n<h2 class=\"wp-block-heading\" id=\"h-ai-in-all-its-complexity-nbsp\">AI in all Its complexity&nbsp;<\/h2>\n\n\n\n<p class=\"wp-block-paragraph\">The discussions highlighted the multifaceted nature of artificial intelligence. Far from being a mere technological tool, AI is reshaping how we understand meaning and the creative process. Three thematic panels addressed timely and concrete issues:&nbsp;<\/p>\n\n\n\n<ul class=\"wp-block-list\">\n<li><strong>Discoverability and Cultural Diversity<\/strong>: How can recommendation algorithms better promote Francophone cultural content?&nbsp;<\/li>\n<\/ul>\n\n\n\n<ul class=\"wp-block-list\">\n<li><strong>Inclusion and Representation<\/strong>: How can we design AI systems that reflect the linguistic and cultural richness of the Francophonie?&nbsp;<\/li>\n<\/ul>\n\n\n\n<ul class=\"wp-block-list\">\n<li><strong>Creation and Intellectual Property<\/strong>: What regulations are needed to govern the use of generative AI in cultural production?&nbsp;<\/li>\n<\/ul>\n\n\n\n<h2 class=\"wp-block-heading\" id=\"h-concerted-efforts-that-must-extend-beyond-quebec-nbsp\">Concerted efforts that must extend beyond Qu\u00e9bec&nbsp;<\/h2>\n\n\n\n<p class=\"wp-block-paragraph\">Cultur\u2019IA served as a key moment for dialogue, exchange, and mobilization. Participants assessed the challenges of cultural sovereignty in the age of AI, shared inspiring practices, and collectively explored actionable strategies.&nbsp;<\/p>\n\n\n\n<p class=\"wp-block-paragraph\">The event also aimed to engage Francophone governments in Qu\u00e9bec and internationally on the need for ethical and inclusive digital governance.&nbsp;<\/p>\n\n\n\n<h2 class=\"wp-block-heading\" id=\"h-a-promising-first-year-nbsp\">A promising first year&nbsp;<\/h2>\n\n\n\n<p class=\"wp-block-paragraph\">Symbolically, the event also marked the first anniversary of the IANF Chair, funded and supported by the Minist\u00e8re de l\u2019Enseignement sup\u00e9rieur in collaboration with the Fonds de recherche du Qu\u00e9bec.&nbsp;<\/p>\n\n\n\n<p class=\"wp-block-paragraph\">This Chair\u2014the result of a strategic partnership between INRS and UQAM\u2014has demonstrated the value of a collaborative and interdisciplinary approach to better understand and guide the digital transformations affecting culture.&nbsp;<\/p>\n\n\n\n<blockquote class=\"wp-block-quote is-layout-flow wp-block-quote-is-layout-flow\">\n<p class=\"wp-block-paragraph\">\u201cAt INRS, we firmly believe that Qu\u00e9bec must not only participate in international discussions on artificial intelligence and digital technology but also contribute with its own voices, cultural and scientific references, and autonomous expertise rooted in a long-term vision. This is precisely what Professors Roberge and Tchehouali are doing through the research of the Qu\u00e9bec Research Chair on Francophone Artificial Intelligence and Digital Technology,\u201d&nbsp;<\/p>\n<cite><strong> Isabelle Delisle<\/strong>, Scientific Director, INRS&nbsp;<\/cite><\/blockquote>\n\n\n\n<p class=\"wp-block-paragraph\">Research by the IANF Chair shows how Francophone materials are increasingly marginalized on transnational digital platforms and underrepresented by automated recommendation systems.&nbsp;<\/p>\n\n\n\n<p class=\"wp-block-paragraph\">Cultur\u2019IA laid the foundation for a lasting dialogue between researchers, institutions, and cultural sectors\u2014an initiative poised to grow and evolve in support of a diverse, equitable, and sovereign digital Francophonie.&nbsp;<\/p>\n","protected":false},"excerpt":{"rendered":"<p>INRS and UQAM at the forefront of key issues in artificial intelligence in culture.<\/p>\n","protected":false},"author":401,"featured_media":194359,"comment_status":"closed","ping_status":"closed","sticky":false,"template":"","format":"standard","meta":{"_acf_changed":false,"_monsterinsights_skip_tracking":false,"_monsterinsights_sitenote_active":false,"_monsterinsights_sitenote_note":"","_monsterinsights_sitenote_category":0,"footnotes":""},"categories":[688],"tags":[],"sectors":[732,733],"class_list":["post-194335","post","type-post","status-publish","format-standard","has-post-thumbnail","hentry","category-innover-a-linrs-en","sectors-societe-en","sectors-telecommunications-en"],"acf":[],"yoast_head":"<!-- This site is optimized with the Yoast SEO Premium plugin v26.1 (Yoast SEO v28.3) - https:\/\/yoast.com\/product\/yoast-seo-premium-wordpress\/ -->\n<title>A Promising First Cultural Forum on AI in the Francophonie\u00a0 | INRS | News<\/title>\n<meta name=\"description\" content=\"INRS and UQAM at the forefront of key issues in artificial intelligence in culture.\" \/>\n<meta name=\"robots\" content=\"index, follow, max-snippet:-1, max-image-preview:large, max-video-preview:-1\" \/>\n<link rel=\"canonical\" href=\"https:\/\/inrs.ca\/en\/news\/a-promising-first-cultural-forum-on-ai-in-the-francophonie\/\" \/>\n<meta property=\"og:locale\" content=\"en_US\" \/>\n<meta property=\"og:type\" content=\"article\" \/>\n<meta property=\"og:title\" content=\"A Promising First Cultural Forum on AI in the Francophonie\u00a0\" \/>\n<meta property=\"og:description\" content=\"INRS and UQAM at the forefront of key issues in artificial intelligence in culture.\" \/>\n<meta property=\"og:url\" content=\"https:\/\/inrs.ca\/en\/news\/a-promising-first-cultural-forum-on-ai-in-the-francophonie\/\" \/>\n<meta property=\"og:site_name\" content=\"INRS\" \/>\n<meta property=\"article:publisher\" content=\"https:\/\/www.facebook.com\/inrsciences\/\" \/>\n<meta property=\"article:published_time\" content=\"2025-05-27T16:00:37+00:00\" \/>\n<meta property=\"article:modified_time\" content=\"2025-09-09T15:57:28+00:00\" \/>\n<meta property=\"og:image\" content=\"https:\/\/inrs.ca\/wp-content\/uploads\/chaire-ianf.jpg\" \/>\n\t<meta property=\"og:image:width\" content=\"1200\" \/>\n\t<meta property=\"og:image:height\" content=\"628\" \/>\n\t<meta property=\"og:image:type\" content=\"image\/jpeg\" \/>\n<meta name=\"author\" content=\"Julie Robert\" \/>\n<meta name=\"twitter:card\" content=\"summary_large_image\" \/>\n<meta name=\"twitter:creator\" content=\"@inrsciences\" \/>\n<meta name=\"twitter:site\" content=\"@inrsciences\" \/>\n<meta name=\"twitter:label1\" content=\"Written by\" \/>\n\t<meta name=\"twitter:data1\" content=\"Julie Robert\" \/>\n\t<meta name=\"twitter:label2\" content=\"Est. reading time\" \/>\n\t<meta name=\"twitter:data2\" content=\"3 minutes\" \/>\n<script type=\"application\/ld+json\" class=\"yoast-schema-graph\">{\"@context\":\"https:\\\/\\\/schema.org\",\"@graph\":[{\"@type\":\"Article\",\"@id\":\"https:\\\/\\\/inrs.ca\\\/en\\\/news\\\/a-promising-first-cultural-forum-on-ai-in-the-francophonie\\\/#article\",\"isPartOf\":{\"@id\":\"https:\\\/\\\/inrs.ca\\\/en\\\/news\\\/a-promising-first-cultural-forum-on-ai-in-the-francophonie\\\/\"},\"author\":{\"name\":\"Julie Robert\",\"@id\":\"https:\\\/\\\/inrs.ca\\\/en\\\/#\\\/schema\\\/person\\\/ae0496dd2bea38dcb98e98a3b0fb6c5f\"},\"headline\":\"A Promising First Cultural Forum on AI in the Francophonie\u00a0\",\"datePublished\":\"2025-05-27T16:00:37+00:00\",\"dateModified\":\"2025-09-09T15:57:28+00:00\",\"mainEntityOfPage\":{\"@id\":\"https:\\\/\\\/inrs.ca\\\/en\\\/news\\\/a-promising-first-cultural-forum-on-ai-in-the-francophonie\\\/\"},\"wordCount\":772,\"image\":{\"@id\":\"https:\\\/\\\/inrs.ca\\\/en\\\/news\\\/a-promising-first-cultural-forum-on-ai-in-the-francophonie\\\/#primaryimage\"},\"thumbnailUrl\":\"https:\\\/\\\/inrs.ca\\\/wp-content\\\/uploads\\\/chaire-ianf.jpg\",\"articleSection\":[\"Research\"],\"inLanguage\":\"en-CA\"},{\"@type\":\"WebPage\",\"@id\":\"https:\\\/\\\/inrs.ca\\\/en\\\/news\\\/a-promising-first-cultural-forum-on-ai-in-the-francophonie\\\/\",\"url\":\"https:\\\/\\\/inrs.ca\\\/en\\\/news\\\/a-promising-first-cultural-forum-on-ai-in-the-francophonie\\\/\",\"name\":\"A Promising First Cultural Forum on AI in the Francophonie\u00a0 | INRS | News\",\"isPartOf\":{\"@id\":\"https:\\\/\\\/inrs.ca\\\/en\\\/#website\"},\"primaryImageOfPage\":{\"@id\":\"https:\\\/\\\/inrs.ca\\\/en\\\/news\\\/a-promising-first-cultural-forum-on-ai-in-the-francophonie\\\/#primaryimage\"},\"image\":{\"@id\":\"https:\\\/\\\/inrs.ca\\\/en\\\/news\\\/a-promising-first-cultural-forum-on-ai-in-the-francophonie\\\/#primaryimage\"},\"thumbnailUrl\":\"https:\\\/\\\/inrs.ca\\\/wp-content\\\/uploads\\\/chaire-ianf.jpg\",\"datePublished\":\"2025-05-27T16:00:37+00:00\",\"dateModified\":\"2025-09-09T15:57:28+00:00\",\"author\":{\"@id\":\"https:\\\/\\\/inrs.ca\\\/en\\\/#\\\/schema\\\/person\\\/ae0496dd2bea38dcb98e98a3b0fb6c5f\"},\"description\":\"INRS and UQAM at the forefront of key issues in artificial intelligence in culture.\",\"breadcrumb\":{\"@id\":\"https:\\\/\\\/inrs.ca\\\/en\\\/news\\\/a-promising-first-cultural-forum-on-ai-in-the-francophonie\\\/#breadcrumb\"},\"inLanguage\":\"en-CA\",\"potentialAction\":[{\"@type\":\"ReadAction\",\"target\":[\"https:\\\/\\\/inrs.ca\\\/en\\\/news\\\/a-promising-first-cultural-forum-on-ai-in-the-francophonie\\\/\"]}]},{\"@type\":\"ImageObject\",\"inLanguage\":\"en-CA\",\"@id\":\"https:\\\/\\\/inrs.ca\\\/en\\\/news\\\/a-promising-first-cultural-forum-on-ai-in-the-francophonie\\\/#primaryimage\",\"url\":\"https:\\\/\\\/inrs.ca\\\/wp-content\\\/uploads\\\/chaire-ianf.jpg\",\"contentUrl\":\"https:\\\/\\\/inrs.ca\\\/wp-content\\\/uploads\\\/chaire-ianf.jpg\",\"width\":1200,\"height\":628},{\"@type\":\"BreadcrumbList\",\"@id\":\"https:\\\/\\\/inrs.ca\\\/en\\\/news\\\/a-promising-first-cultural-forum-on-ai-in-the-francophonie\\\/#breadcrumb\",\"itemListElement\":[{\"@type\":\"ListItem\",\"position\":1,\"name\":\"Accueil\",\"item\":\"https:\\\/\\\/inrs.ca\\\/en\\\/\"},{\"@type\":\"ListItem\",\"position\":2,\"name\":\"INRS\",\"item\":\"https:\\\/\\\/inrs.ca\\\/en\\\/inrs\\\/\"},{\"@type\":\"ListItem\",\"position\":3,\"name\":\"Pressroom\",\"item\":\"https:\\\/\\\/inrs.ca\\\/en\\\/inrs\\\/newsroom\\\/\"},{\"@type\":\"ListItem\",\"position\":4,\"name\":\"News\",\"item\":\"https:\\\/\\\/inrs.ca\\\/en\\\/inrs\\\/newsroom\\\/news\\\/\"},{\"@type\":\"ListItem\",\"position\":5,\"name\":\"A Promising First Cultural Forum on AI in the Francophonie\u00a0\"}]},{\"@type\":\"WebSite\",\"@id\":\"https:\\\/\\\/inrs.ca\\\/en\\\/#website\",\"url\":\"https:\\\/\\\/inrs.ca\\\/en\\\/\",\"name\":\"INRS\",\"description\":\"Institut national de la recherche scientifique\",\"potentialAction\":[{\"@type\":\"SearchAction\",\"target\":{\"@type\":\"EntryPoint\",\"urlTemplate\":\"https:\\\/\\\/inrs.ca\\\/en\\\/?s={search_term_string}\"},\"query-input\":{\"@type\":\"PropertyValueSpecification\",\"valueRequired\":true,\"valueName\":\"search_term_string\"}}],\"inLanguage\":\"en-CA\"},{\"@type\":\"Person\",\"@id\":\"https:\\\/\\\/inrs.ca\\\/en\\\/#\\\/schema\\\/person\\\/ae0496dd2bea38dcb98e98a3b0fb6c5f\",\"name\":\"Julie Robert\",\"image\":{\"@type\":\"ImageObject\",\"inLanguage\":\"en-CA\",\"@id\":\"https:\\\/\\\/secure.gravatar.com\\\/avatar\\\/622287236c18ae215e2c9aeda8fb759824e2c9c5d3a669891663aafe228092ff?s=96&d=mm&r=g\",\"url\":\"https:\\\/\\\/secure.gravatar.com\\\/avatar\\\/622287236c18ae215e2c9aeda8fb759824e2c9c5d3a669891663aafe228092ff?s=96&d=mm&r=g\",\"contentUrl\":\"https:\\\/\\\/secure.gravatar.com\\\/avatar\\\/622287236c18ae215e2c9aeda8fb759824e2c9c5d3a669891663aafe228092ff?s=96&d=mm&r=g\",\"caption\":\"Julie Robert\"}}]}<\/script>\n<!-- \/ Yoast SEO Premium plugin. -->","yoast_head_json":{"title":"A Promising First Cultural Forum on AI in the Francophonie\u00a0 | INRS | News","description":"INRS and UQAM at the forefront of key issues in artificial intelligence in culture.","robots":{"index":"index","follow":"follow","max-snippet":"max-snippet:-1","max-image-preview":"max-image-preview:large","max-video-preview":"max-video-preview:-1"},"canonical":"https:\/\/inrs.ca\/en\/news\/a-promising-first-cultural-forum-on-ai-in-the-francophonie\/","og_locale":"en_US","og_type":"article","og_title":"A Promising First Cultural Forum on AI in the Francophonie\u00a0","og_description":"INRS and UQAM at the forefront of key issues in artificial intelligence in culture.","og_url":"https:\/\/inrs.ca\/en\/news\/a-promising-first-cultural-forum-on-ai-in-the-francophonie\/","og_site_name":"INRS","article_publisher":"https:\/\/www.facebook.com\/inrsciences\/","article_published_time":"2025-05-27T16:00:37+00:00","article_modified_time":"2025-09-09T15:57:28+00:00","og_image":[{"width":1200,"height":628,"url":"https:\/\/inrs.ca\/wp-content\/uploads\/chaire-ianf.jpg","type":"image\/jpeg"}],"author":"Julie Robert","twitter_card":"summary_large_image","twitter_creator":"@inrsciences","twitter_site":"@inrsciences","twitter_misc":{"Written by":"Julie Robert","Est. reading time":"3 minutes"},"schema":{"@context":"https:\/\/schema.org","@graph":[{"@type":"Article","@id":"https:\/\/inrs.ca\/en\/news\/a-promising-first-cultural-forum-on-ai-in-the-francophonie\/#article","isPartOf":{"@id":"https:\/\/inrs.ca\/en\/news\/a-promising-first-cultural-forum-on-ai-in-the-francophonie\/"},"author":{"name":"Julie Robert","@id":"https:\/\/inrs.ca\/en\/#\/schema\/person\/ae0496dd2bea38dcb98e98a3b0fb6c5f"},"headline":"A Promising First Cultural Forum on AI in the Francophonie\u00a0","datePublished":"2025-05-27T16:00:37+00:00","dateModified":"2025-09-09T15:57:28+00:00","mainEntityOfPage":{"@id":"https:\/\/inrs.ca\/en\/news\/a-promising-first-cultural-forum-on-ai-in-the-francophonie\/"},"wordCount":772,"image":{"@id":"https:\/\/inrs.ca\/en\/news\/a-promising-first-cultural-forum-on-ai-in-the-francophonie\/#primaryimage"},"thumbnailUrl":"https:\/\/inrs.ca\/wp-content\/uploads\/chaire-ianf.jpg","articleSection":["Research"],"inLanguage":"en-CA"},{"@type":"WebPage","@id":"https:\/\/inrs.ca\/en\/news\/a-promising-first-cultural-forum-on-ai-in-the-francophonie\/","url":"https:\/\/inrs.ca\/en\/news\/a-promising-first-cultural-forum-on-ai-in-the-francophonie\/","name":"A Promising First Cultural Forum on AI in the Francophonie\u00a0 | INRS | News","isPartOf":{"@id":"https:\/\/inrs.ca\/en\/#website"},"primaryImageOfPage":{"@id":"https:\/\/inrs.ca\/en\/news\/a-promising-first-cultural-forum-on-ai-in-the-francophonie\/#primaryimage"},"image":{"@id":"https:\/\/inrs.ca\/en\/news\/a-promising-first-cultural-forum-on-ai-in-the-francophonie\/#primaryimage"},"thumbnailUrl":"https:\/\/inrs.ca\/wp-content\/uploads\/chaire-ianf.jpg","datePublished":"2025-05-27T16:00:37+00:00","dateModified":"2025-09-09T15:57:28+00:00","author":{"@id":"https:\/\/inrs.ca\/en\/#\/schema\/person\/ae0496dd2bea38dcb98e98a3b0fb6c5f"},"description":"INRS and UQAM at the forefront of key issues in artificial intelligence in culture.","breadcrumb":{"@id":"https:\/\/inrs.ca\/en\/news\/a-promising-first-cultural-forum-on-ai-in-the-francophonie\/#breadcrumb"},"inLanguage":"en-CA","potentialAction":[{"@type":"ReadAction","target":["https:\/\/inrs.ca\/en\/news\/a-promising-first-cultural-forum-on-ai-in-the-francophonie\/"]}]},{"@type":"ImageObject","inLanguage":"en-CA","@id":"https:\/\/inrs.ca\/en\/news\/a-promising-first-cultural-forum-on-ai-in-the-francophonie\/#primaryimage","url":"https:\/\/inrs.ca\/wp-content\/uploads\/chaire-ianf.jpg","contentUrl":"https:\/\/inrs.ca\/wp-content\/uploads\/chaire-ianf.jpg","width":1200,"height":628},{"@type":"BreadcrumbList","@id":"https:\/\/inrs.ca\/en\/news\/a-promising-first-cultural-forum-on-ai-in-the-francophonie\/#breadcrumb","itemListElement":[{"@type":"ListItem","position":1,"name":"Accueil","item":"https:\/\/inrs.ca\/en\/"},{"@type":"ListItem","position":2,"name":"INRS","item":"https:\/\/inrs.ca\/en\/inrs\/"},{"@type":"ListItem","position":3,"name":"Pressroom","item":"https:\/\/inrs.ca\/en\/inrs\/newsroom\/"},{"@type":"ListItem","position":4,"name":"News","item":"https:\/\/inrs.ca\/en\/inrs\/newsroom\/news\/"},{"@type":"ListItem","position":5,"name":"A Promising First Cultural Forum on AI in the Francophonie\u00a0"}]},{"@type":"WebSite","@id":"https:\/\/inrs.ca\/en\/#website","url":"https:\/\/inrs.ca\/en\/","name":"INRS","description":"Institut national de la recherche scientifique","potentialAction":[{"@type":"SearchAction","target":{"@type":"EntryPoint","urlTemplate":"https:\/\/inrs.ca\/en\/?s={search_term_string}"},"query-input":{"@type":"PropertyValueSpecification","valueRequired":true,"valueName":"search_term_string"}}],"inLanguage":"en-CA"},{"@type":"Person","@id":"https:\/\/inrs.ca\/en\/#\/schema\/person\/ae0496dd2bea38dcb98e98a3b0fb6c5f","name":"Julie Robert","image":{"@type":"ImageObject","inLanguage":"en-CA","@id":"https:\/\/secure.gravatar.com\/avatar\/622287236c18ae215e2c9aeda8fb759824e2c9c5d3a669891663aafe228092ff?s=96&d=mm&r=g","url":"https:\/\/secure.gravatar.com\/avatar\/622287236c18ae215e2c9aeda8fb759824e2c9c5d3a669891663aafe228092ff?s=96&d=mm&r=g","contentUrl":"https:\/\/secure.gravatar.com\/avatar\/622287236c18ae215e2c9aeda8fb759824e2c9c5d3a669891663aafe228092ff?s=96&d=mm&r=g","caption":"Julie Robert"}}]}},"permalink_manager":null,"_links":{"self":[{"href":"https:\/\/inrs.ca\/en\/wp-json\/wp\/v2\/posts\/194335","targetHints":{"allow":["GET"]}}],"collection":[{"href":"https:\/\/inrs.ca\/en\/wp-json\/wp\/v2\/posts"}],"about":[{"href":"https:\/\/inrs.ca\/en\/wp-json\/wp\/v2\/types\/post"}],"author":[{"embeddable":true,"href":"https:\/\/inrs.ca\/en\/wp-json\/wp\/v2\/users\/401"}],"replies":[{"embeddable":true,"href":"https:\/\/inrs.ca\/en\/wp-json\/wp\/v2\/comments?post=194335"}],"version-history":[{"count":5,"href":"https:\/\/inrs.ca\/en\/wp-json\/wp\/v2\/posts\/194335\/revisions"}],"predecessor-version":[{"id":200171,"href":"https:\/\/inrs.ca\/en\/wp-json\/wp\/v2\/posts\/194335\/revisions\/200171"}],"wp:featuredmedia":[{"embeddable":true,"href":"https:\/\/inrs.ca\/en\/wp-json\/wp\/v2\/media\/194359"}],"wp:attachment":[{"href":"https:\/\/inrs.ca\/en\/wp-json\/wp\/v2\/media?parent=194335"}],"wp:term":[{"taxonomy":"category","embeddable":true,"href":"https:\/\/inrs.ca\/en\/wp-json\/wp\/v2\/categories?post=194335"},{"taxonomy":"post_tag","embeddable":true,"href":"https:\/\/inrs.ca\/en\/wp-json\/wp\/v2\/tags?post=194335"},{"taxonomy":"sectors","embeddable":true,"href":"https:\/\/inrs.ca\/en\/wp-json\/wp\/v2\/sectors?post=194335"}],"curies":[{"name":"wp","href":"https:\/\/api.w.org\/{rel}","templated":true}]}}