{"id":212240,"date":"2026-04-29T13:48:52","date_gmt":"2026-04-29T17:48:52","guid":{"rendered":"https:\/\/inrs.ca\/?p=212240"},"modified":"2026-04-29T15:18:36","modified_gmt":"2026-04-29T19:18:36","slug":"patrizio-antici-honoured-with-the-friedrich-wilhelm-bessel-award","status":"publish","type":"post","link":"https:\/\/inrs.ca\/en\/news\/patrizio-antici-honoured-with-the-friedrich-wilhelm-bessel-award\/","title":{"rendered":"Patrizio Antici Honoured with the Friedrich Wilhelm Bessel Award"},"content":{"rendered":"\n<p class=\"has-large-font-size wp-block-paragraph\"><strong>An international distinction highlighting a remarkable scientific career<\/strong>.<\/p>\n\n\n    \n<div class=\"wp-block full-width-image \">\n    <div class=\"image-ctn\">\n        <img decoding=\"async\" src=\"https:\/\/inrs.ca\/wp-content\/uploads\/AHV_Preisverleihung_Bamberg_2026_Preistrager_cMMerz_001-scaled.jpg\" alt=\"\" \/>\n    <\/div>\n    <p>From left to right: Alexander von Humboldt Foundation President Robert Schl\u00f6gl, INRS Professor Patrizio Antici, and Federal Research Minister Dorothee B\u00e4r. Credit: Alexander von Humboldt Foundation<\/p>\n<\/div>\n\n\n<p class=\"has-drop-cap wp-block-paragraph\">Professor&nbsp;<a href=\"https:\/\/inrs.ca\/en\/research\/professors\/patrizio-antici\/\" target=\"_blank\" rel=\"noreferrer noopener\">Patrizio Antici<\/a>&nbsp;of the&nbsp;Institut&nbsp;national de la recherche&nbsp;scientifique&nbsp;(INRS) has been awarded the&nbsp;<a href=\"https:\/\/www.humboldt-foundation.de\/en\/apply\/sponsorship-programmes\/friedrich-wilhelm-bessel-research-award\" target=\"_blank\" rel=\"noreferrer noopener\">Friedrich Wilhelm Bessel Award<\/a>,&nbsp;a prestigious distinction conferred by the&nbsp;<a href=\"https:\/\/www.humboldt-foundation.de\/en\/\" target=\"_blank\" rel=\"noreferrer noopener\">Fondation Alexander von Humboldt<\/a>.&nbsp;<\/p>\n\n\n\n<p class=\"wp-block-paragraph\">Each year, the award is presented to approximately twenty internationally renowned researchers in recognition of exceptional scientific achievements and&nbsp;demonstrated&nbsp;leadership in their field.&nbsp;<\/p>\n\n\n\n<p class=\"wp-block-paragraph\">A specialist in applied photonics, Professor Antici is distinguished for his cutting\u2011edge research in laser and plasma physics, particularly in light\u2013matter interactions and laser\u2011driven particle acceleration, including relativistic laser\u2013plasma interactions and laser\u2011driven ion acceleration.&nbsp;<\/p>\n\n\n\n<blockquote class=\"wp-block-quote is-layout-flow wp-block-quote-is-layout-flow\">\n<p class=\"wp-block-paragraph\">\u201cI am deeply honoured to receive this distinction, which recognizes not only my work, but also the commitment and rigour of my students and collaborators. This award reflects a collective effort grounded in scientific excellence and collaboration, and I am proud to join a community of researchers whose contributions significantly advance research on an international scale,\u201d says Professor Antici.&nbsp;<\/p>\n<\/blockquote>\n\n\n\n<p class=\"wp-block-paragraph\">Funded by the German Federal Ministry of Education and Research, the Friedrich Wilhelm Bessel Award highlights the impact of Professor&nbsp;Antici\u2019s&nbsp;work in the fields of energy and materials sciences.&nbsp;<\/p>\n\n\n\n<p class=\"wp-block-paragraph\">Based at&nbsp;<a href=\"https:\/\/inrs.ca\/en\/inrs\/research-centres\/energie-materiaux-telecommunications-research-centre\/\" target=\"_blank\" rel=\"noreferrer noopener\">INRS\u2019s \u00c9nergie Mat\u00e9riaux T\u00e9l\u00e9communications Research Centre<\/a>,&nbsp;Professor Antici has received several awards and distinctions over the course of his career, reflecting his scientific leadership both in Canada and internationally.&nbsp;<\/p>\n\n\n\n<h2 class=\"wp-block-heading\" id=\"h-scientific-exchanges-on-both-sides-of-the-atlantic-nbsp\">Scientific exchanges on both sides of the Atlantic&nbsp;<\/h2>\n\n\n\n<p class=\"wp-block-paragraph\">As part of this award, Professor Patrizio Antici will conduct research activities as a collaborator at the&nbsp;<a href=\"https:\/\/cala-laser.de\/\" target=\"_blank\" rel=\"noreferrer noopener\">Center for Advanced Laser Applications (CALA)<\/a>&nbsp;in Germany, with the support of the Alexander von Humboldt Foundation, under the German federal&nbsp;government\u2019s&nbsp;<a href=\"https:\/\/www.bmftr.bund.de\/SharedDocs\/Kurzmeldungen\/EN\/2025\/12\/1000-koepfe-pk.html\" target=\"_blank\" rel=\"noreferrer noopener\">Global Minds Initiative<\/a>.&nbsp;CALA, the largest university-based laser center in Germany, was&nbsp;initiated&nbsp;by Ferenc Krausz, recipient of the 2023 Nobel Prize in Physics.&nbsp;<\/p>\n\n\n\n<p class=\"wp-block-paragraph\">At CALA,&nbsp;Professor Patrizio Antici will work with Professor J\u00f6rg Schreiber on experiments involving laser\u2011driven proton sources, with applications in materials science, radiation oncology, and radiation chemistry.&nbsp;<\/p>\n\n\n\n<p class=\"wp-block-paragraph\">This collaboration will help strengthen scientific exchanges between Qu\u00e9bec and Germany.&nbsp;<\/p>\n\n\n\n<p class=\"wp-block-paragraph\"><\/p>\n","protected":false},"excerpt":{"rendered":"<p>An international distinction highlighting a remarkable scientific career.<\/p>\n","protected":false},"author":4,"featured_media":212243,"comment_status":"closed","ping_status":"closed","sticky":false,"template":"","format":"standard","meta":{"_acf_changed":false,"_monsterinsights_skip_tracking":false,"_monsterinsights_sitenote_active":false,"_monsterinsights_sitenote_note":"","_monsterinsights_sitenote_category":0,"footnotes":""},"categories":[737],"tags":[],"sectors":[],"class_list":["post-212240","post","type-post","status-publish","format-standard","has-post-thumbnail","hentry","category-distinctions-en"],"acf":[],"yoast_head":"<!-- This site is optimized with the Yoast SEO Premium plugin v26.1 (Yoast SEO v28.3) - https:\/\/yoast.com\/product\/yoast-seo-premium-wordpress\/ -->\n<title>Patrizio Antici Honoured with the Friedrich Wilhelm Bessel Award | INRS<\/title>\n<meta name=\"robots\" content=\"index, follow, max-snippet:-1, max-image-preview:large, max-video-preview:-1\" \/>\n<link rel=\"canonical\" href=\"https:\/\/inrs.ca\/en\/news\/patrizio-antici-honoured-with-the-friedrich-wilhelm-bessel-award\/\" \/>\n<meta property=\"og:locale\" content=\"en_US\" \/>\n<meta property=\"og:type\" content=\"article\" \/>\n<meta property=\"og:title\" content=\"Patrizio Antici Honoured with the Friedrich Wilhelm Bessel Award\" \/>\n<meta property=\"og:description\" content=\"An international distinction highlighting a remarkable scientific career.\" \/>\n<meta property=\"og:url\" content=\"https:\/\/inrs.ca\/en\/news\/patrizio-antici-honoured-with-the-friedrich-wilhelm-bessel-award\/\" \/>\n<meta property=\"og:site_name\" content=\"INRS\" \/>\n<meta property=\"article:publisher\" content=\"https:\/\/www.facebook.com\/inrsciences\/\" \/>\n<meta property=\"article:published_time\" content=\"2026-04-29T17:48:52+00:00\" \/>\n<meta property=\"article:modified_time\" content=\"2026-04-29T19:18:36+00:00\" \/>\n<meta property=\"og:image\" content=\"https:\/\/inrs.ca\/wp-content\/uploads\/AHV_Preisverleihung_Bamberg_2026_Preistrager_cMMerz_001-scaled.jpg\" \/>\n\t<meta property=\"og:image:width\" content=\"2560\" \/>\n\t<meta property=\"og:image:height\" content=\"1440\" \/>\n\t<meta property=\"og:image:type\" content=\"image\/jpeg\" \/>\n<meta name=\"author\" content=\"Anne-Marie Dubois\" \/>\n<meta name=\"twitter:card\" content=\"summary_large_image\" \/>\n<meta name=\"twitter:creator\" content=\"@inrsciences\" \/>\n<meta name=\"twitter:site\" content=\"@inrsciences\" \/>\n<meta name=\"twitter:label1\" content=\"Written by\" \/>\n\t<meta name=\"twitter:data1\" content=\"Anne-Marie Dubois\" \/>\n\t<meta name=\"twitter:label2\" content=\"Est. reading time\" \/>\n\t<meta name=\"twitter:data2\" content=\"2 minutes\" \/>\n<script type=\"application\/ld+json\" class=\"yoast-schema-graph\">{\"@context\":\"https:\\\/\\\/schema.org\",\"@graph\":[{\"@type\":\"Article\",\"@id\":\"https:\\\/\\\/inrs.ca\\\/en\\\/news\\\/patrizio-antici-honoured-with-the-friedrich-wilhelm-bessel-award\\\/#article\",\"isPartOf\":{\"@id\":\"https:\\\/\\\/inrs.ca\\\/en\\\/news\\\/patrizio-antici-honoured-with-the-friedrich-wilhelm-bessel-award\\\/\"},\"author\":{\"name\":\"Anne-Marie Dubois\",\"@id\":\"https:\\\/\\\/inrs.ca\\\/en\\\/#\\\/schema\\\/person\\\/230fbba88cd7ef7419094aca351e82cd\"},\"headline\":\"Patrizio Antici Honoured with the Friedrich Wilhelm Bessel Award\",\"datePublished\":\"2026-04-29T17:48:52+00:00\",\"dateModified\":\"2026-04-29T19:18:36+00:00\",\"mainEntityOfPage\":{\"@id\":\"https:\\\/\\\/inrs.ca\\\/en\\\/news\\\/patrizio-antici-honoured-with-the-friedrich-wilhelm-bessel-award\\\/\"},\"wordCount\":380,\"image\":{\"@id\":\"https:\\\/\\\/inrs.ca\\\/en\\\/news\\\/patrizio-antici-honoured-with-the-friedrich-wilhelm-bessel-award\\\/#primaryimage\"},\"thumbnailUrl\":\"https:\\\/\\\/inrs.ca\\\/wp-content\\\/uploads\\\/AHV_Preisverleihung_Bamberg_2026_Preistrager_cMMerz_001-scaled.jpg\",\"articleSection\":[\"Awards and Distinctions\"],\"inLanguage\":\"en-CA\"},{\"@type\":\"WebPage\",\"@id\":\"https:\\\/\\\/inrs.ca\\\/en\\\/news\\\/patrizio-antici-honoured-with-the-friedrich-wilhelm-bessel-award\\\/\",\"url\":\"https:\\\/\\\/inrs.ca\\\/en\\\/news\\\/patrizio-antici-honoured-with-the-friedrich-wilhelm-bessel-award\\\/\",\"name\":\"Patrizio Antici Honoured with the Friedrich Wilhelm Bessel Award | INRS\",\"isPartOf\":{\"@id\":\"https:\\\/\\\/inrs.ca\\\/en\\\/#website\"},\"primaryImageOfPage\":{\"@id\":\"https:\\\/\\\/inrs.ca\\\/en\\\/news\\\/patrizio-antici-honoured-with-the-friedrich-wilhelm-bessel-award\\\/#primaryimage\"},\"image\":{\"@id\":\"https:\\\/\\\/inrs.ca\\\/en\\\/news\\\/patrizio-antici-honoured-with-the-friedrich-wilhelm-bessel-award\\\/#primaryimage\"},\"thumbnailUrl\":\"https:\\\/\\\/inrs.ca\\\/wp-content\\\/uploads\\\/AHV_Preisverleihung_Bamberg_2026_Preistrager_cMMerz_001-scaled.jpg\",\"datePublished\":\"2026-04-29T17:48:52+00:00\",\"dateModified\":\"2026-04-29T19:18:36+00:00\",\"author\":{\"@id\":\"https:\\\/\\\/inrs.ca\\\/en\\\/#\\\/schema\\\/person\\\/230fbba88cd7ef7419094aca351e82cd\"},\"breadcrumb\":{\"@id\":\"https:\\\/\\\/inrs.ca\\\/en\\\/news\\\/patrizio-antici-honoured-with-the-friedrich-wilhelm-bessel-award\\\/#breadcrumb\"},\"inLanguage\":\"en-CA\",\"potentialAction\":[{\"@type\":\"ReadAction\",\"target\":[\"https:\\\/\\\/inrs.ca\\\/en\\\/news\\\/patrizio-antici-honoured-with-the-friedrich-wilhelm-bessel-award\\\/\"]}]},{\"@type\":\"ImageObject\",\"inLanguage\":\"en-CA\",\"@id\":\"https:\\\/\\\/inrs.ca\\\/en\\\/news\\\/patrizio-antici-honoured-with-the-friedrich-wilhelm-bessel-award\\\/#primaryimage\",\"url\":\"https:\\\/\\\/inrs.ca\\\/wp-content\\\/uploads\\\/AHV_Preisverleihung_Bamberg_2026_Preistrager_cMMerz_001-scaled.jpg\",\"contentUrl\":\"https:\\\/\\\/inrs.ca\\\/wp-content\\\/uploads\\\/AHV_Preisverleihung_Bamberg_2026_Preistrager_cMMerz_001-scaled.jpg\",\"width\":2560,\"height\":1440},{\"@type\":\"BreadcrumbList\",\"@id\":\"https:\\\/\\\/inrs.ca\\\/en\\\/news\\\/patrizio-antici-honoured-with-the-friedrich-wilhelm-bessel-award\\\/#breadcrumb\",\"itemListElement\":[{\"@type\":\"ListItem\",\"position\":1,\"name\":\"Accueil\",\"item\":\"https:\\\/\\\/inrs.ca\\\/en\\\/\"},{\"@type\":\"ListItem\",\"position\":2,\"name\":\"INRS\",\"item\":\"https:\\\/\\\/inrs.ca\\\/en\\\/inrs\\\/\"},{\"@type\":\"ListItem\",\"position\":3,\"name\":\"Pressroom\",\"item\":\"https:\\\/\\\/inrs.ca\\\/en\\\/inrs\\\/newsroom\\\/\"},{\"@type\":\"ListItem\",\"position\":4,\"name\":\"News\",\"item\":\"https:\\\/\\\/inrs.ca\\\/en\\\/inrs\\\/newsroom\\\/news\\\/\"},{\"@type\":\"ListItem\",\"position\":5,\"name\":\"Patrizio Antici Honoured with the Friedrich Wilhelm Bessel Award\"}]},{\"@type\":\"WebSite\",\"@id\":\"https:\\\/\\\/inrs.ca\\\/en\\\/#website\",\"url\":\"https:\\\/\\\/inrs.ca\\\/en\\\/\",\"name\":\"INRS\",\"description\":\"Institut national de la recherche scientifique\",\"potentialAction\":[{\"@type\":\"SearchAction\",\"target\":{\"@type\":\"EntryPoint\",\"urlTemplate\":\"https:\\\/\\\/inrs.ca\\\/en\\\/?s={search_term_string}\"},\"query-input\":{\"@type\":\"PropertyValueSpecification\",\"valueRequired\":true,\"valueName\":\"search_term_string\"}}],\"inLanguage\":\"en-CA\"},{\"@type\":\"Person\",\"@id\":\"https:\\\/\\\/inrs.ca\\\/en\\\/#\\\/schema\\\/person\\\/230fbba88cd7ef7419094aca351e82cd\",\"name\":\"Anne-Marie Dubois\",\"image\":{\"@type\":\"ImageObject\",\"inLanguage\":\"en-CA\",\"@id\":\"https:\\\/\\\/secure.gravatar.com\\\/avatar\\\/29091aa59c95df6df7a5b62386837668bf2c339487cbcf0b5329e202ae8f5183?s=96&d=mm&r=g\",\"url\":\"https:\\\/\\\/secure.gravatar.com\\\/avatar\\\/29091aa59c95df6df7a5b62386837668bf2c339487cbcf0b5329e202ae8f5183?s=96&d=mm&r=g\",\"contentUrl\":\"https:\\\/\\\/secure.gravatar.com\\\/avatar\\\/29091aa59c95df6df7a5b62386837668bf2c339487cbcf0b5329e202ae8f5183?s=96&d=mm&r=g\",\"caption\":\"Anne-Marie Dubois\"}}]}<\/script>\n<!-- \/ Yoast SEO Premium plugin. -->","yoast_head_json":{"title":"Patrizio Antici Honoured with the Friedrich Wilhelm Bessel Award | INRS","robots":{"index":"index","follow":"follow","max-snippet":"max-snippet:-1","max-image-preview":"max-image-preview:large","max-video-preview":"max-video-preview:-1"},"canonical":"https:\/\/inrs.ca\/en\/news\/patrizio-antici-honoured-with-the-friedrich-wilhelm-bessel-award\/","og_locale":"en_US","og_type":"article","og_title":"Patrizio Antici Honoured with the Friedrich Wilhelm Bessel Award","og_description":"An international distinction highlighting a remarkable scientific career.","og_url":"https:\/\/inrs.ca\/en\/news\/patrizio-antici-honoured-with-the-friedrich-wilhelm-bessel-award\/","og_site_name":"INRS","article_publisher":"https:\/\/www.facebook.com\/inrsciences\/","article_published_time":"2026-04-29T17:48:52+00:00","article_modified_time":"2026-04-29T19:18:36+00:00","og_image":[{"width":2560,"height":1440,"url":"https:\/\/inrs.ca\/wp-content\/uploads\/AHV_Preisverleihung_Bamberg_2026_Preistrager_cMMerz_001-scaled.jpg","type":"image\/jpeg"}],"author":"Anne-Marie Dubois","twitter_card":"summary_large_image","twitter_creator":"@inrsciences","twitter_site":"@inrsciences","twitter_misc":{"Written by":"Anne-Marie Dubois","Est. reading time":"2 minutes"},"schema":{"@context":"https:\/\/schema.org","@graph":[{"@type":"Article","@id":"https:\/\/inrs.ca\/en\/news\/patrizio-antici-honoured-with-the-friedrich-wilhelm-bessel-award\/#article","isPartOf":{"@id":"https:\/\/inrs.ca\/en\/news\/patrizio-antici-honoured-with-the-friedrich-wilhelm-bessel-award\/"},"author":{"name":"Anne-Marie Dubois","@id":"https:\/\/inrs.ca\/en\/#\/schema\/person\/230fbba88cd7ef7419094aca351e82cd"},"headline":"Patrizio Antici Honoured with the Friedrich Wilhelm Bessel Award","datePublished":"2026-04-29T17:48:52+00:00","dateModified":"2026-04-29T19:18:36+00:00","mainEntityOfPage":{"@id":"https:\/\/inrs.ca\/en\/news\/patrizio-antici-honoured-with-the-friedrich-wilhelm-bessel-award\/"},"wordCount":380,"image":{"@id":"https:\/\/inrs.ca\/en\/news\/patrizio-antici-honoured-with-the-friedrich-wilhelm-bessel-award\/#primaryimage"},"thumbnailUrl":"https:\/\/inrs.ca\/wp-content\/uploads\/AHV_Preisverleihung_Bamberg_2026_Preistrager_cMMerz_001-scaled.jpg","articleSection":["Awards and Distinctions"],"inLanguage":"en-CA"},{"@type":"WebPage","@id":"https:\/\/inrs.ca\/en\/news\/patrizio-antici-honoured-with-the-friedrich-wilhelm-bessel-award\/","url":"https:\/\/inrs.ca\/en\/news\/patrizio-antici-honoured-with-the-friedrich-wilhelm-bessel-award\/","name":"Patrizio Antici Honoured with the Friedrich Wilhelm Bessel Award | INRS","isPartOf":{"@id":"https:\/\/inrs.ca\/en\/#website"},"primaryImageOfPage":{"@id":"https:\/\/inrs.ca\/en\/news\/patrizio-antici-honoured-with-the-friedrich-wilhelm-bessel-award\/#primaryimage"},"image":{"@id":"https:\/\/inrs.ca\/en\/news\/patrizio-antici-honoured-with-the-friedrich-wilhelm-bessel-award\/#primaryimage"},"thumbnailUrl":"https:\/\/inrs.ca\/wp-content\/uploads\/AHV_Preisverleihung_Bamberg_2026_Preistrager_cMMerz_001-scaled.jpg","datePublished":"2026-04-29T17:48:52+00:00","dateModified":"2026-04-29T19:18:36+00:00","author":{"@id":"https:\/\/inrs.ca\/en\/#\/schema\/person\/230fbba88cd7ef7419094aca351e82cd"},"breadcrumb":{"@id":"https:\/\/inrs.ca\/en\/news\/patrizio-antici-honoured-with-the-friedrich-wilhelm-bessel-award\/#breadcrumb"},"inLanguage":"en-CA","potentialAction":[{"@type":"ReadAction","target":["https:\/\/inrs.ca\/en\/news\/patrizio-antici-honoured-with-the-friedrich-wilhelm-bessel-award\/"]}]},{"@type":"ImageObject","inLanguage":"en-CA","@id":"https:\/\/inrs.ca\/en\/news\/patrizio-antici-honoured-with-the-friedrich-wilhelm-bessel-award\/#primaryimage","url":"https:\/\/inrs.ca\/wp-content\/uploads\/AHV_Preisverleihung_Bamberg_2026_Preistrager_cMMerz_001-scaled.jpg","contentUrl":"https:\/\/inrs.ca\/wp-content\/uploads\/AHV_Preisverleihung_Bamberg_2026_Preistrager_cMMerz_001-scaled.jpg","width":2560,"height":1440},{"@type":"BreadcrumbList","@id":"https:\/\/inrs.ca\/en\/news\/patrizio-antici-honoured-with-the-friedrich-wilhelm-bessel-award\/#breadcrumb","itemListElement":[{"@type":"ListItem","position":1,"name":"Accueil","item":"https:\/\/inrs.ca\/en\/"},{"@type":"ListItem","position":2,"name":"INRS","item":"https:\/\/inrs.ca\/en\/inrs\/"},{"@type":"ListItem","position":3,"name":"Pressroom","item":"https:\/\/inrs.ca\/en\/inrs\/newsroom\/"},{"@type":"ListItem","position":4,"name":"News","item":"https:\/\/inrs.ca\/en\/inrs\/newsroom\/news\/"},{"@type":"ListItem","position":5,"name":"Patrizio Antici Honoured with the Friedrich Wilhelm Bessel Award"}]},{"@type":"WebSite","@id":"https:\/\/inrs.ca\/en\/#website","url":"https:\/\/inrs.ca\/en\/","name":"INRS","description":"Institut national de la recherche scientifique","potentialAction":[{"@type":"SearchAction","target":{"@type":"EntryPoint","urlTemplate":"https:\/\/inrs.ca\/en\/?s={search_term_string}"},"query-input":{"@type":"PropertyValueSpecification","valueRequired":true,"valueName":"search_term_string"}}],"inLanguage":"en-CA"},{"@type":"Person","@id":"https:\/\/inrs.ca\/en\/#\/schema\/person\/230fbba88cd7ef7419094aca351e82cd","name":"Anne-Marie Dubois","image":{"@type":"ImageObject","inLanguage":"en-CA","@id":"https:\/\/secure.gravatar.com\/avatar\/29091aa59c95df6df7a5b62386837668bf2c339487cbcf0b5329e202ae8f5183?s=96&d=mm&r=g","url":"https:\/\/secure.gravatar.com\/avatar\/29091aa59c95df6df7a5b62386837668bf2c339487cbcf0b5329e202ae8f5183?s=96&d=mm&r=g","contentUrl":"https:\/\/secure.gravatar.com\/avatar\/29091aa59c95df6df7a5b62386837668bf2c339487cbcf0b5329e202ae8f5183?s=96&d=mm&r=g","caption":"Anne-Marie Dubois"}}]}},"permalink_manager":null,"_links":{"self":[{"href":"https:\/\/inrs.ca\/en\/wp-json\/wp\/v2\/posts\/212240","targetHints":{"allow":["GET"]}}],"collection":[{"href":"https:\/\/inrs.ca\/en\/wp-json\/wp\/v2\/posts"}],"about":[{"href":"https:\/\/inrs.ca\/en\/wp-json\/wp\/v2\/types\/post"}],"author":[{"embeddable":true,"href":"https:\/\/inrs.ca\/en\/wp-json\/wp\/v2\/users\/4"}],"replies":[{"embeddable":true,"href":"https:\/\/inrs.ca\/en\/wp-json\/wp\/v2\/comments?post=212240"}],"version-history":[{"count":5,"href":"https:\/\/inrs.ca\/en\/wp-json\/wp\/v2\/posts\/212240\/revisions"}],"predecessor-version":[{"id":212269,"href":"https:\/\/inrs.ca\/en\/wp-json\/wp\/v2\/posts\/212240\/revisions\/212269"}],"wp:featuredmedia":[{"embeddable":true,"href":"https:\/\/inrs.ca\/en\/wp-json\/wp\/v2\/media\/212243"}],"wp:attachment":[{"href":"https:\/\/inrs.ca\/en\/wp-json\/wp\/v2\/media?parent=212240"}],"wp:term":[{"taxonomy":"category","embeddable":true,"href":"https:\/\/inrs.ca\/en\/wp-json\/wp\/v2\/categories?post=212240"},{"taxonomy":"post_tag","embeddable":true,"href":"https:\/\/inrs.ca\/en\/wp-json\/wp\/v2\/tags?post=212240"},{"taxonomy":"sectors","embeddable":true,"href":"https:\/\/inrs.ca\/en\/wp-json\/wp\/v2\/sectors?post=212240"}],"curies":[{"name":"wp","href":"https:\/\/api.w.org\/{rel}","templated":true}]}}