{"id":213129,"date":"2026-05-20T09:54:05","date_gmt":"2026-05-20T13:54:05","guid":{"rendered":"https:\/\/inrs.ca\/?p=213129"},"modified":"2026-05-20T09:56:21","modified_gmt":"2026-05-20T13:56:21","slug":"maria-eugenia-longo-reinvesting-in-youth-employment-and-living-conditions-is-a-societal-imperative","status":"publish","type":"post","link":"https:\/\/inrs.ca\/en\/news\/maria-eugenia-longo-reinvesting-in-youth-employment-and-living-conditions-is-a-societal-imperative\/","title":{"rendered":"Mar\u00eda Eugenia Longo: Reinvesting in Youth Employment and Living Conditions Is a Societal Imperative"},"content":{"rendered":"\n<p class=\"has-large-font-size wp-block-paragraph\"><strong>The series \u201cTour d\u2019horizon en trois questions\u201d highlights research in all its forms and offers an informed perspective on current issues.<\/strong><\/p>\n\n\n    \n<div class=\"wp-block full-width-image \">\n    <div class=\"image-ctn\">\n        <img decoding=\"async\" src=\"https:\/\/inrs.ca\/wp-content\/uploads\/Longo-inrs.jpg\" alt=\"\" \/>\n    <\/div>\n    <p><\/p>\n<\/div>\n\n\n<p class=\"has-drop-cap wp-block-paragraph\">Youth unemployment is once again drawing attention. Recent figures have fueled concern and debate, yet concrete measures to better support young people remain limited. What is really behind these numbers, and what do they reveal about the realities young people face in today\u2019s labour market? <a href=\"https:\/\/inrs.ca\/en\/research\/professors\/maria-eugenia-longo\/\" target=\"_blank\" rel=\"noreferrer noopener\">Mar\u00eda\u00a0Eugenia\u00a0Longo,<\/a> Professor at the Institut\u00a0national de la recherche scientifique (INRS) and a specialist in the sociology of work and youth, shares her perspective. She is also co\u2011holder of the <a href=\"https:\/\/inrs.ca\/la-recherche\/chaires-groupes-et-reseaux-de-recherche\/repertoire-des-chaires-groupes-et-reseaux-de-recherche\/chaire-reseau-jeunesse-emploi-et-entrepreneuriat\/\" target=\"_blank\" rel=\"noreferrer noopener\">Chaire-r\u00e9seau de recherche sur la jeunesse du Qu\u00e9bec, volet Emploi et Entrepreneuriat.<\/a>\u00a0<\/p>\n\n\n\n<h2 class=\"wp-block-heading\" id=\"h-is-the-current-level-of-youth-unemployment-truly-concerning\">Is the current level of youth unemployment truly concerning? <\/h2>\n\n\n\n<p class=\"wp-block-paragraph\">From a historical standpoint, the situation is not unprecedented. Youth unemployment today is still lower than what was observed during the widespread crises of the 1980s, and it does not affect all young people in the same way. <\/p>\n\n\n\n<p class=\"wp-block-paragraph\">When we look more closely, we see that unemployment is concentrated among specific groups, particularly younger teenagers and students. In Qu\u00e9bec, for example, unemployment among 15\u201319\u2011year\u2011olds rose significantly in June 2025 before declining a few months later. A similar pattern can be seen among 20\u201324\u2011year\u2011olds. Part of this fluctuation is seasonal, as more young people enter the labour market during the summer months. However, these patterns now unfold in a more uncertain context shaped by economic slowdown and rapid technological change, including the growing role of artificial intelligence. <\/p>\n\n\n\n<p class=\"wp-block-paragraph\">At the same time, young people are far from disengaged. On the contrary, they show a strong commitment to work, with employment and participation rates steadily increasing over the past decades. Many are actively trying to enter and remain in the labour market. <\/p>\n\n\n\n<figure class=\"wp-block-gallery has-nested-images columns-2 is-cropped wp-block-gallery-2 is-layout-flex wp-block-gallery-is-layout-flex\">\n<figure class=\"wp-block-image size-large\"><img loading=\"lazy\" decoding=\"async\" width=\"1024\" height=\"683\" data-id=\"82260\" src=\"https:\/\/inrs.ca\/wp-content\/uploads\/travail-portable_766098-1024x683.jpg\" alt=\"\" class=\"wp-image-82260\" srcset=\"https:\/\/inrs.ca\/wp-content\/uploads\/travail-portable_766098-1024x683.jpg 1024w, https:\/\/inrs.ca\/wp-content\/uploads\/travail-portable_766098-300x200.jpg 300w, https:\/\/inrs.ca\/wp-content\/uploads\/travail-portable_766098-768x512.jpg 768w, https:\/\/inrs.ca\/wp-content\/uploads\/travail-portable_766098-600x400.jpg 600w, https:\/\/inrs.ca\/wp-content\/uploads\/travail-portable_766098.jpg 1200w\" sizes=\"auto, (max-width: 1024px) 100vw, 1024px\" \/><\/figure>\n\n\n\n<figure class=\"wp-block-image size-large\"><img loading=\"lazy\" decoding=\"async\" width=\"1024\" height=\"683\" data-id=\"119415\" src=\"https:\/\/inrs.ca\/wp-content\/uploads\/stage-ete-emploi-jeunes-inrs-brooke-cagle-8jp-6SjVibM-unsplash-scaled-e1669753913169-1024x683.jpg\" alt=\"Jeunes et emploi main oeuvre\" class=\"wp-image-119415\" srcset=\"https:\/\/inrs.ca\/wp-content\/uploads\/stage-ete-emploi-jeunes-inrs-brooke-cagle-8jp-6SjVibM-unsplash-scaled-e1669753913169-1024x683.jpg 1024w, https:\/\/inrs.ca\/wp-content\/uploads\/stage-ete-emploi-jeunes-inrs-brooke-cagle-8jp-6SjVibM-unsplash-scaled-e1669753913169-300x200.jpg 300w, https:\/\/inrs.ca\/wp-content\/uploads\/stage-ete-emploi-jeunes-inrs-brooke-cagle-8jp-6SjVibM-unsplash-scaled-e1669753913169-768x512.jpg 768w, https:\/\/inrs.ca\/wp-content\/uploads\/stage-ete-emploi-jeunes-inrs-brooke-cagle-8jp-6SjVibM-unsplash-scaled-e1669753913169-600x400.jpg 600w, https:\/\/inrs.ca\/wp-content\/uploads\/stage-ete-emploi-jeunes-inrs-brooke-cagle-8jp-6SjVibM-unsplash-scaled-e1669753913169.jpg 1200w\" sizes=\"auto, (max-width: 1024px) 100vw, 1024px\" \/><\/figure>\n<\/figure>\n\n\n\n<p class=\"wp-block-paragraph\">Still, unemployment figures alone do not capture the full picture. Young people\u2019s work trajectories are often fragmented, with periods of employment and non-employment that are not always permanent and sometimes even chosen. <\/p>\n\n\n\n<p class=\"wp-block-paragraph\">What is more telling is the accumulation of challenges they face. Financial pressures, health issues, educational barriers, and limited access to support often overlap. These difficulties are not always resolved, even when young people are in school or employed, and they shape their overall pathways. <\/p>\n\n\n\n<h2 class=\"wp-block-heading\" id=\"h-what-challenges-shape-young-people-s-work-and-life-trajectories\">What\u00a0challenges\u00a0shape\u00a0young\u00a0people\u2019s\u00a0work\u00a0and life\u00a0trajectories?\u00a0<\/h2>\n\n\n\n<p class=\"wp-block-paragraph\">Young people tend to enter the labour market through jobs that are less stable and less protected. This makes them particularly vulnerable when disruptions occur, whether linked to economic downturns, labour shortages, or broader changes in the workplace. <\/p>\n\n\n\n<p class=\"wp-block-paragraph\">Research shows that they are more likely to face difficult working conditions, including low pay, limited protections, and unequal treatment. At the same time, they must adapt to rapid transformations brought on by automation and artificial intelligence.<\/p>\n\n\n\n<p class=\"wp-block-paragraph\">These challenges go beyond the workplace. Many young people are also dealing with increasing cost of living, difficulty accessing housing, food and financial insecurity, and rising mental health concerns. <\/p>\n\n\n\n<p class=\"wp-block-paragraph\">All of this takes place during a stage of life that already involves major transitions such as leaving home, pursuing education, starting a career, and building personal or financial stability. These overlapping pressures make their trajectories more vulnerable. <\/p>\n\n\n\n<p class=\"wp-block-paragraph\">Over time, this combination of factors can lead to discouragement, distance from the labour market, or reduced participation in society. <\/p>\n\n\n\n<h2 class=\"wp-block-heading\" id=\"h-what-solutions-can-help-address-these-challenges\">What solutions can help address these challenges?<\/h2>\n\n\n\n<p class=\"wp-block-paragraph\">Supporting young people requires a renewed commitment from governments. This means going beyond short-term employment measures and adopting a broader approach that takes into account the full range of challenges they face.<\/p>\n\n\n\n<p class=\"wp-block-paragraph\">Qu\u00e9bec has previously&nbsp;demonstrated&nbsp;strong leadership in this area. In the past, coordinated programs and community-based initiatives provided meaningful and sustained support, helping young people navigate complex transitions. These approaches relied on trust and on the&nbsp;expertise&nbsp;of organizations working directly with youth, such as the&nbsp;<em>Carrefours jeunesse&nbsp;emploi&nbsp;<\/em>in this province.&nbsp;<\/p>\n\n\n\n<p class=\"wp-block-paragraph\">However, recent years have seen a decline in the resources available to support these efforts, at both the federal and provincial levels. Funding cuts, limited indexation of support for organizations, stricter eligibility rules, a prioritization of rapid-integration measures over retraining pathways, and increasing administrative demands or the organizations implementing these policies are putting pressure on organizations and limiting their ability to respond to young people\u2019s needs.These shifts risk weakening a system that took decades to build. They also carry significant human and economic consequences and send a troubling message about the importance given to youth, despite their essential role in a context such as population aging.It is therefore urgent to reassess these policy directions. Reinvesting in youth means recognizing the complexity of their realities and providing an integrated support that helps them build stable and meaningful lives, both in and beyond the labour market.<\/p>\n\n\n\n<div class=\"wp-block-media-text is-stacked-on-mobile is-image-fill-element\" style=\"grid-template-columns:34% auto\"><figure class=\"wp-block-media-text__media\"><img loading=\"lazy\" decoding=\"async\" width=\"1024\" height=\"683\" src=\"https:\/\/inrs.ca\/wp-content\/uploads\/jeune-bulles-avis-1024x683.jpg\" alt=\"jeune\" class=\"wp-image-80124 size-full\" style=\"object-position:29% 80%\" srcset=\"https:\/\/inrs.ca\/wp-content\/uploads\/jeune-bulles-avis-1024x683.jpg 1024w, https:\/\/inrs.ca\/wp-content\/uploads\/jeune-bulles-avis-300x200.jpg 300w, https:\/\/inrs.ca\/wp-content\/uploads\/jeune-bulles-avis-768x512.jpg 768w, https:\/\/inrs.ca\/wp-content\/uploads\/jeune-bulles-avis-600x400.jpg 600w, https:\/\/inrs.ca\/wp-content\/uploads\/jeune-bulles-avis.jpg 1200w\" sizes=\"auto, (max-width: 1024px) 100vw, 1024px\" \/><\/figure><div class=\"wp-block-media-text__content\">\n<p class=\"has-text-align-left has-large-font-size wp-block-paragraph\"><strong>Research by Professor Longo<\/strong><\/p>\n\n\n\n<ul class=\"wp-block-list\">\n<li>Chaire-r\u00e9seau de recherche sur la jeunesse du Qu\u00e9bec (2025).&nbsp;<a href=\"https:\/\/chairejeunesse.ca\/wp-content\/uploads\/2026\/04\/CRJ_Avis_Consultation-federale-emploi-jeunes-2025_VF-avec-compression.pdf\" target=\"_blank\" rel=\"noreferrer noopener\">Avis du Volet Emploi et Entrepreneuriat de la Chaire-r\u00e9seau de recherche sur la jeunesse du Qu\u00e9bec dans le cadre de la consultation f\u00e9d\u00e9rale 2025 lanc\u00e9e par Emploi et D\u00e9veloppement social Canada \u00ab\u202fB\u00e2tir un Canada Fort; les jeunes sur le march\u00e9 du travail\u202f\u00bb.<\/a>&nbsp;CRJ.&nbsp;<br><\/li>\n\n\n\n<li><a href=\"https:\/\/chairejeunesse.ca\/collaborer-pour-et-avec-les-jeunes-normes-et-pratiques-professionnelles\/\" target=\"_blank\" rel=\"noreferrer noopener\">Collaborer pour et avec les jeunes: normes et pratiques professionnelles &#8211; Chaire-r\u00e9seau de recherche sur la jeunesse du Qu\u00e9bec<\/a>&nbsp;<br><\/li>\n\n\n\n<li>Longo, M. E. (2022). Capital, ressource ou probl\u00e8me? La g\u00e9om\u00e9trie variable du r\u00f4le de la jeunesse dans les politiques d\u2019emploi en France, Canada et Qu\u00e9bec.\u202f<em>Revue fran\u00e7aise des affaires sociales<\/em>, 3, 21-45.&nbsp;<\/li>\n<\/ul>\n<\/div><\/div>\n","protected":false},"excerpt":{"rendered":"<p>Youth unemployment is once again drawing attention. Recent figures have fueled concern and debate, yet concrete measures to better support young people remain limited. <\/p>\n","protected":false},"author":4,"featured_media":213130,"comment_status":"closed","ping_status":"closed","sticky":false,"template":"","format":"standard","meta":{"_acf_changed":false,"_monsterinsights_skip_tracking":false,"_monsterinsights_sitenote_active":false,"_monsterinsights_sitenote_note":"","_monsterinsights_sitenote_category":0,"footnotes":""},"categories":[2109],"tags":[],"sectors":[],"class_list":["post-213129","post","type-post","status-publish","format-standard","has-post-thumbnail","hentry","category-overview"],"acf":[],"yoast_head":"<!-- This site is optimized with the Yoast SEO Premium plugin v26.1 (Yoast SEO v28.3) - https:\/\/yoast.com\/product\/yoast-seo-premium-wordpress\/ -->\n<title>Mar\u00eda Eugenia Longo: Reinvesting in Youth Employment and Living Conditions Is a Societal Imperative | INRS<\/title>\n<meta name=\"robots\" content=\"index, follow, max-snippet:-1, max-image-preview:large, max-video-preview:-1\" \/>\n<link rel=\"canonical\" href=\"https:\/\/inrs.ca\/en\/news\/maria-eugenia-longo-reinvesting-in-youth-employment-and-living-conditions-is-a-societal-imperative\/\" \/>\n<meta property=\"og:locale\" content=\"en_US\" \/>\n<meta property=\"og:type\" content=\"article\" \/>\n<meta property=\"og:title\" content=\"Mar\u00eda Eugenia Longo: Reinvesting in Youth Employment and Living Conditions Is a Societal Imperative\" \/>\n<meta property=\"og:description\" content=\"Youth unemployment is once again drawing attention. Recent figures have fueled concern and debate, yet concrete measures to better support young people remain limited.\" \/>\n<meta property=\"og:url\" content=\"https:\/\/inrs.ca\/en\/news\/maria-eugenia-longo-reinvesting-in-youth-employment-and-living-conditions-is-a-societal-imperative\/\" \/>\n<meta property=\"og:site_name\" content=\"INRS\" \/>\n<meta property=\"article:publisher\" content=\"https:\/\/www.facebook.com\/inrsciences\/\" \/>\n<meta property=\"article:published_time\" content=\"2026-05-20T13:54:05+00:00\" \/>\n<meta property=\"article:modified_time\" content=\"2026-05-20T13:56:21+00:00\" \/>\n<meta property=\"og:image\" content=\"https:\/\/inrs.ca\/wp-content\/uploads\/Longo-inrs.jpg\" \/>\n\t<meta property=\"og:image:width\" content=\"1200\" \/>\n\t<meta property=\"og:image:height\" content=\"631\" \/>\n\t<meta property=\"og:image:type\" content=\"image\/jpeg\" \/>\n<meta name=\"author\" content=\"Anne-Marie Dubois\" \/>\n<meta name=\"twitter:card\" content=\"summary_large_image\" \/>\n<meta name=\"twitter:creator\" content=\"@inrsciences\" \/>\n<meta name=\"twitter:site\" content=\"@inrsciences\" \/>\n<meta name=\"twitter:label1\" content=\"Written by\" \/>\n\t<meta name=\"twitter:data1\" content=\"Anne-Marie Dubois\" \/>\n\t<meta name=\"twitter:label2\" content=\"Est. reading time\" \/>\n\t<meta name=\"twitter:data2\" content=\"6 minutes\" \/>\n<script type=\"application\/ld+json\" class=\"yoast-schema-graph\">{\"@context\":\"https:\\\/\\\/schema.org\",\"@graph\":[{\"@type\":\"Article\",\"@id\":\"https:\\\/\\\/inrs.ca\\\/en\\\/news\\\/maria-eugenia-longo-reinvesting-in-youth-employment-and-living-conditions-is-a-societal-imperative\\\/#article\",\"isPartOf\":{\"@id\":\"https:\\\/\\\/inrs.ca\\\/en\\\/news\\\/maria-eugenia-longo-reinvesting-in-youth-employment-and-living-conditions-is-a-societal-imperative\\\/\"},\"author\":{\"name\":\"Anne-Marie Dubois\",\"@id\":\"https:\\\/\\\/inrs.ca\\\/en\\\/#\\\/schema\\\/person\\\/230fbba88cd7ef7419094aca351e82cd\"},\"headline\":\"Mar\u00eda Eugenia Longo: Reinvesting in Youth Employment and Living Conditions Is a Societal Imperative\",\"datePublished\":\"2026-05-20T13:54:05+00:00\",\"dateModified\":\"2026-05-20T13:56:21+00:00\",\"mainEntityOfPage\":{\"@id\":\"https:\\\/\\\/inrs.ca\\\/en\\\/news\\\/maria-eugenia-longo-reinvesting-in-youth-employment-and-living-conditions-is-a-societal-imperative\\\/\"},\"wordCount\":934,\"image\":{\"@id\":\"https:\\\/\\\/inrs.ca\\\/en\\\/news\\\/maria-eugenia-longo-reinvesting-in-youth-employment-and-living-conditions-is-a-societal-imperative\\\/#primaryimage\"},\"thumbnailUrl\":\"https:\\\/\\\/inrs.ca\\\/wp-content\\\/uploads\\\/Longo-inrs.jpg\",\"articleSection\":[\"Overview\"],\"inLanguage\":\"en-CA\"},{\"@type\":\"WebPage\",\"@id\":\"https:\\\/\\\/inrs.ca\\\/en\\\/news\\\/maria-eugenia-longo-reinvesting-in-youth-employment-and-living-conditions-is-a-societal-imperative\\\/\",\"url\":\"https:\\\/\\\/inrs.ca\\\/en\\\/news\\\/maria-eugenia-longo-reinvesting-in-youth-employment-and-living-conditions-is-a-societal-imperative\\\/\",\"name\":\"Mar\u00eda Eugenia Longo: Reinvesting in Youth Employment and Living Conditions Is a Societal Imperative | INRS\",\"isPartOf\":{\"@id\":\"https:\\\/\\\/inrs.ca\\\/en\\\/#website\"},\"primaryImageOfPage\":{\"@id\":\"https:\\\/\\\/inrs.ca\\\/en\\\/news\\\/maria-eugenia-longo-reinvesting-in-youth-employment-and-living-conditions-is-a-societal-imperative\\\/#primaryimage\"},\"image\":{\"@id\":\"https:\\\/\\\/inrs.ca\\\/en\\\/news\\\/maria-eugenia-longo-reinvesting-in-youth-employment-and-living-conditions-is-a-societal-imperative\\\/#primaryimage\"},\"thumbnailUrl\":\"https:\\\/\\\/inrs.ca\\\/wp-content\\\/uploads\\\/Longo-inrs.jpg\",\"datePublished\":\"2026-05-20T13:54:05+00:00\",\"dateModified\":\"2026-05-20T13:56:21+00:00\",\"author\":{\"@id\":\"https:\\\/\\\/inrs.ca\\\/en\\\/#\\\/schema\\\/person\\\/230fbba88cd7ef7419094aca351e82cd\"},\"breadcrumb\":{\"@id\":\"https:\\\/\\\/inrs.ca\\\/en\\\/news\\\/maria-eugenia-longo-reinvesting-in-youth-employment-and-living-conditions-is-a-societal-imperative\\\/#breadcrumb\"},\"inLanguage\":\"en-CA\",\"potentialAction\":[{\"@type\":\"ReadAction\",\"target\":[\"https:\\\/\\\/inrs.ca\\\/en\\\/news\\\/maria-eugenia-longo-reinvesting-in-youth-employment-and-living-conditions-is-a-societal-imperative\\\/\"]}]},{\"@type\":\"ImageObject\",\"inLanguage\":\"en-CA\",\"@id\":\"https:\\\/\\\/inrs.ca\\\/en\\\/news\\\/maria-eugenia-longo-reinvesting-in-youth-employment-and-living-conditions-is-a-societal-imperative\\\/#primaryimage\",\"url\":\"https:\\\/\\\/inrs.ca\\\/wp-content\\\/uploads\\\/Longo-inrs.jpg\",\"contentUrl\":\"https:\\\/\\\/inrs.ca\\\/wp-content\\\/uploads\\\/Longo-inrs.jpg\",\"width\":1200,\"height\":631},{\"@type\":\"BreadcrumbList\",\"@id\":\"https:\\\/\\\/inrs.ca\\\/en\\\/news\\\/maria-eugenia-longo-reinvesting-in-youth-employment-and-living-conditions-is-a-societal-imperative\\\/#breadcrumb\",\"itemListElement\":[{\"@type\":\"ListItem\",\"position\":1,\"name\":\"Accueil\",\"item\":\"https:\\\/\\\/inrs.ca\\\/en\\\/\"},{\"@type\":\"ListItem\",\"position\":2,\"name\":\"INRS\",\"item\":\"https:\\\/\\\/inrs.ca\\\/en\\\/inrs\\\/\"},{\"@type\":\"ListItem\",\"position\":3,\"name\":\"Pressroom\",\"item\":\"https:\\\/\\\/inrs.ca\\\/en\\\/inrs\\\/newsroom\\\/\"},{\"@type\":\"ListItem\",\"position\":4,\"name\":\"News\",\"item\":\"https:\\\/\\\/inrs.ca\\\/en\\\/inrs\\\/newsroom\\\/news\\\/\"},{\"@type\":\"ListItem\",\"position\":5,\"name\":\"Mar\u00eda Eugenia Longo: Reinvesting in Youth Employment and Living Conditions Is a Societal Imperative\"}]},{\"@type\":\"WebSite\",\"@id\":\"https:\\\/\\\/inrs.ca\\\/en\\\/#website\",\"url\":\"https:\\\/\\\/inrs.ca\\\/en\\\/\",\"name\":\"INRS\",\"description\":\"Institut national de la recherche scientifique\",\"potentialAction\":[{\"@type\":\"SearchAction\",\"target\":{\"@type\":\"EntryPoint\",\"urlTemplate\":\"https:\\\/\\\/inrs.ca\\\/en\\\/?s={search_term_string}\"},\"query-input\":{\"@type\":\"PropertyValueSpecification\",\"valueRequired\":true,\"valueName\":\"search_term_string\"}}],\"inLanguage\":\"en-CA\"},{\"@type\":\"Person\",\"@id\":\"https:\\\/\\\/inrs.ca\\\/en\\\/#\\\/schema\\\/person\\\/230fbba88cd7ef7419094aca351e82cd\",\"name\":\"Anne-Marie Dubois\",\"image\":{\"@type\":\"ImageObject\",\"inLanguage\":\"en-CA\",\"@id\":\"https:\\\/\\\/secure.gravatar.com\\\/avatar\\\/29091aa59c95df6df7a5b62386837668bf2c339487cbcf0b5329e202ae8f5183?s=96&d=mm&r=g\",\"url\":\"https:\\\/\\\/secure.gravatar.com\\\/avatar\\\/29091aa59c95df6df7a5b62386837668bf2c339487cbcf0b5329e202ae8f5183?s=96&d=mm&r=g\",\"contentUrl\":\"https:\\\/\\\/secure.gravatar.com\\\/avatar\\\/29091aa59c95df6df7a5b62386837668bf2c339487cbcf0b5329e202ae8f5183?s=96&d=mm&r=g\",\"caption\":\"Anne-Marie Dubois\"}}]}<\/script>\n<!-- \/ Yoast SEO Premium plugin. -->","yoast_head_json":{"title":"Mar\u00eda Eugenia Longo: Reinvesting in Youth Employment and Living Conditions Is a Societal Imperative | INRS","robots":{"index":"index","follow":"follow","max-snippet":"max-snippet:-1","max-image-preview":"max-image-preview:large","max-video-preview":"max-video-preview:-1"},"canonical":"https:\/\/inrs.ca\/en\/news\/maria-eugenia-longo-reinvesting-in-youth-employment-and-living-conditions-is-a-societal-imperative\/","og_locale":"en_US","og_type":"article","og_title":"Mar\u00eda Eugenia Longo: Reinvesting in Youth Employment and Living Conditions Is a Societal Imperative","og_description":"Youth unemployment is once again drawing attention. Recent figures have fueled concern and debate, yet concrete measures to better support young people remain limited.","og_url":"https:\/\/inrs.ca\/en\/news\/maria-eugenia-longo-reinvesting-in-youth-employment-and-living-conditions-is-a-societal-imperative\/","og_site_name":"INRS","article_publisher":"https:\/\/www.facebook.com\/inrsciences\/","article_published_time":"2026-05-20T13:54:05+00:00","article_modified_time":"2026-05-20T13:56:21+00:00","og_image":[{"width":1200,"height":631,"url":"https:\/\/inrs.ca\/wp-content\/uploads\/Longo-inrs.jpg","type":"image\/jpeg"}],"author":"Anne-Marie Dubois","twitter_card":"summary_large_image","twitter_creator":"@inrsciences","twitter_site":"@inrsciences","twitter_misc":{"Written by":"Anne-Marie Dubois","Est. reading time":"6 minutes"},"schema":{"@context":"https:\/\/schema.org","@graph":[{"@type":"Article","@id":"https:\/\/inrs.ca\/en\/news\/maria-eugenia-longo-reinvesting-in-youth-employment-and-living-conditions-is-a-societal-imperative\/#article","isPartOf":{"@id":"https:\/\/inrs.ca\/en\/news\/maria-eugenia-longo-reinvesting-in-youth-employment-and-living-conditions-is-a-societal-imperative\/"},"author":{"name":"Anne-Marie Dubois","@id":"https:\/\/inrs.ca\/en\/#\/schema\/person\/230fbba88cd7ef7419094aca351e82cd"},"headline":"Mar\u00eda Eugenia Longo: Reinvesting in Youth Employment and Living Conditions Is a Societal Imperative","datePublished":"2026-05-20T13:54:05+00:00","dateModified":"2026-05-20T13:56:21+00:00","mainEntityOfPage":{"@id":"https:\/\/inrs.ca\/en\/news\/maria-eugenia-longo-reinvesting-in-youth-employment-and-living-conditions-is-a-societal-imperative\/"},"wordCount":934,"image":{"@id":"https:\/\/inrs.ca\/en\/news\/maria-eugenia-longo-reinvesting-in-youth-employment-and-living-conditions-is-a-societal-imperative\/#primaryimage"},"thumbnailUrl":"https:\/\/inrs.ca\/wp-content\/uploads\/Longo-inrs.jpg","articleSection":["Overview"],"inLanguage":"en-CA"},{"@type":"WebPage","@id":"https:\/\/inrs.ca\/en\/news\/maria-eugenia-longo-reinvesting-in-youth-employment-and-living-conditions-is-a-societal-imperative\/","url":"https:\/\/inrs.ca\/en\/news\/maria-eugenia-longo-reinvesting-in-youth-employment-and-living-conditions-is-a-societal-imperative\/","name":"Mar\u00eda Eugenia Longo: Reinvesting in Youth Employment and Living Conditions Is a Societal Imperative | INRS","isPartOf":{"@id":"https:\/\/inrs.ca\/en\/#website"},"primaryImageOfPage":{"@id":"https:\/\/inrs.ca\/en\/news\/maria-eugenia-longo-reinvesting-in-youth-employment-and-living-conditions-is-a-societal-imperative\/#primaryimage"},"image":{"@id":"https:\/\/inrs.ca\/en\/news\/maria-eugenia-longo-reinvesting-in-youth-employment-and-living-conditions-is-a-societal-imperative\/#primaryimage"},"thumbnailUrl":"https:\/\/inrs.ca\/wp-content\/uploads\/Longo-inrs.jpg","datePublished":"2026-05-20T13:54:05+00:00","dateModified":"2026-05-20T13:56:21+00:00","author":{"@id":"https:\/\/inrs.ca\/en\/#\/schema\/person\/230fbba88cd7ef7419094aca351e82cd"},"breadcrumb":{"@id":"https:\/\/inrs.ca\/en\/news\/maria-eugenia-longo-reinvesting-in-youth-employment-and-living-conditions-is-a-societal-imperative\/#breadcrumb"},"inLanguage":"en-CA","potentialAction":[{"@type":"ReadAction","target":["https:\/\/inrs.ca\/en\/news\/maria-eugenia-longo-reinvesting-in-youth-employment-and-living-conditions-is-a-societal-imperative\/"]}]},{"@type":"ImageObject","inLanguage":"en-CA","@id":"https:\/\/inrs.ca\/en\/news\/maria-eugenia-longo-reinvesting-in-youth-employment-and-living-conditions-is-a-societal-imperative\/#primaryimage","url":"https:\/\/inrs.ca\/wp-content\/uploads\/Longo-inrs.jpg","contentUrl":"https:\/\/inrs.ca\/wp-content\/uploads\/Longo-inrs.jpg","width":1200,"height":631},{"@type":"BreadcrumbList","@id":"https:\/\/inrs.ca\/en\/news\/maria-eugenia-longo-reinvesting-in-youth-employment-and-living-conditions-is-a-societal-imperative\/#breadcrumb","itemListElement":[{"@type":"ListItem","position":1,"name":"Accueil","item":"https:\/\/inrs.ca\/en\/"},{"@type":"ListItem","position":2,"name":"INRS","item":"https:\/\/inrs.ca\/en\/inrs\/"},{"@type":"ListItem","position":3,"name":"Pressroom","item":"https:\/\/inrs.ca\/en\/inrs\/newsroom\/"},{"@type":"ListItem","position":4,"name":"News","item":"https:\/\/inrs.ca\/en\/inrs\/newsroom\/news\/"},{"@type":"ListItem","position":5,"name":"Mar\u00eda Eugenia Longo: Reinvesting in Youth Employment and Living Conditions Is a Societal Imperative"}]},{"@type":"WebSite","@id":"https:\/\/inrs.ca\/en\/#website","url":"https:\/\/inrs.ca\/en\/","name":"INRS","description":"Institut national de la recherche scientifique","potentialAction":[{"@type":"SearchAction","target":{"@type":"EntryPoint","urlTemplate":"https:\/\/inrs.ca\/en\/?s={search_term_string}"},"query-input":{"@type":"PropertyValueSpecification","valueRequired":true,"valueName":"search_term_string"}}],"inLanguage":"en-CA"},{"@type":"Person","@id":"https:\/\/inrs.ca\/en\/#\/schema\/person\/230fbba88cd7ef7419094aca351e82cd","name":"Anne-Marie Dubois","image":{"@type":"ImageObject","inLanguage":"en-CA","@id":"https:\/\/secure.gravatar.com\/avatar\/29091aa59c95df6df7a5b62386837668bf2c339487cbcf0b5329e202ae8f5183?s=96&d=mm&r=g","url":"https:\/\/secure.gravatar.com\/avatar\/29091aa59c95df6df7a5b62386837668bf2c339487cbcf0b5329e202ae8f5183?s=96&d=mm&r=g","contentUrl":"https:\/\/secure.gravatar.com\/avatar\/29091aa59c95df6df7a5b62386837668bf2c339487cbcf0b5329e202ae8f5183?s=96&d=mm&r=g","caption":"Anne-Marie Dubois"}}]}},"permalink_manager":null,"_links":{"self":[{"href":"https:\/\/inrs.ca\/en\/wp-json\/wp\/v2\/posts\/213129","targetHints":{"allow":["GET"]}}],"collection":[{"href":"https:\/\/inrs.ca\/en\/wp-json\/wp\/v2\/posts"}],"about":[{"href":"https:\/\/inrs.ca\/en\/wp-json\/wp\/v2\/types\/post"}],"author":[{"embeddable":true,"href":"https:\/\/inrs.ca\/en\/wp-json\/wp\/v2\/users\/4"}],"replies":[{"embeddable":true,"href":"https:\/\/inrs.ca\/en\/wp-json\/wp\/v2\/comments?post=213129"}],"version-history":[{"count":2,"href":"https:\/\/inrs.ca\/en\/wp-json\/wp\/v2\/posts\/213129\/revisions"}],"predecessor-version":[{"id":213132,"href":"https:\/\/inrs.ca\/en\/wp-json\/wp\/v2\/posts\/213129\/revisions\/213132"}],"wp:featuredmedia":[{"embeddable":true,"href":"https:\/\/inrs.ca\/en\/wp-json\/wp\/v2\/media\/213130"}],"wp:attachment":[{"href":"https:\/\/inrs.ca\/en\/wp-json\/wp\/v2\/media?parent=213129"}],"wp:term":[{"taxonomy":"category","embeddable":true,"href":"https:\/\/inrs.ca\/en\/wp-json\/wp\/v2\/categories?post=213129"},{"taxonomy":"post_tag","embeddable":true,"href":"https:\/\/inrs.ca\/en\/wp-json\/wp\/v2\/tags?post=213129"},{"taxonomy":"sectors","embeddable":true,"href":"https:\/\/inrs.ca\/en\/wp-json\/wp\/v2\/sectors?post=213129"}],"curies":[{"name":"wp","href":"https:\/\/api.w.org\/{rel}","templated":true}]}}